{"id":5433,"date":"2018-09-06T14:28:50","date_gmt":"2018-09-06T14:28:50","guid":{"rendered":"http:\/\/frontonking.com\/?p=5433"},"modified":"2024-10-08T19:55:07","modified_gmt":"2024-10-08T18:55:07","slug":"gran-canaria-fronton-king-2018-pro-confirmado-2","status":"publish","type":"post","link":"https:\/\/frontonking.com\/en\/gran-canaria-fronton-king-2018-pro-confirmado-2\/","title":{"rendered":"[:es]ACLARACIONES GRAN CANARIA FRONT\u00d3N KING[:en]EXPLANATORY NOTE  GRAN CANARIA FRONT\u00d3N KING[:]"},"content":{"rendered":"<p>[:es]<\/p>\n<p><span class=\"_5mfr _47e3\"><span class=\"_7oe\"><img fetchpriority=\"high\" decoding=\"async\" class=\"alignnone size-medium wp-image-5434\" src=\"http:\/\/frontonking.com\/wp-content\/uploads\/2018\/09\/GCFK18-300x225.jpg\" alt=\"\" width=\"300\" height=\"225\" srcset=\"https:\/\/frontonking.com\/wp-content\/uploads\/2018\/09\/GCFK18-300x225.jpg 300w, https:\/\/frontonking.com\/wp-content\/uploads\/2018\/09\/GCFK18-600x450.jpg 600w, https:\/\/frontonking.com\/wp-content\/uploads\/2018\/09\/GCFK18-768x576.jpg 768w, https:\/\/frontonking.com\/wp-content\/uploads\/2018\/09\/GCFK18.jpg 800w, https:\/\/frontonking.com\/wp-content\/uploads\/2018\/09\/GCFK18-733x550.jpg 733w, https:\/\/frontonking.com\/wp-content\/uploads\/2018\/09\/GCFK18-80x60.jpg 80w, https:\/\/frontonking.com\/wp-content\/uploads\/2018\/09\/GCFK18-80x60@2x.jpg 160w\" sizes=\"(max-width: 300px) 100vw, 300px\" \/><br \/>??<\/span><\/span><\/p>\n<p>ACLARACIONES GRAN CANARIA FRONT\u00d3N KING<\/p>\n<p>Ante todo pedir disculpas a los atletas y seguidores del Gran Canaria Front\u00f3n King por no ser prueba del circuito APB en esta edici\u00f3n. Las razones han sido no llegar a un acuerdo en las negociaciones por ambas partes. Aunque se hayan publicado noticias del motivo de cancelaci\u00f3n por su parte, no han podido explicar el motivo real ya que falta mucha informaci\u00f3n al respecto. Despu\u00e9s de meses de negociaci\u00f3n FK no pudo acceder a todas sus pet<span class=\"text_exposed_show\">iciones ya que muchas de ellas cumpl\u00edan irregularidades administrativas y deportivas no factibles por nuestra parte. A su vez ellos no cumplieron con las pautas establecidas por nuestra parte.<br \/>Dejamos claro que en todo momento hemos luchado por el deporte y atletas, por ello solicitamos a la APB que al menos sea ESPECIAL EVENT para no perjudicar a algunos riders que han contactado con nosotros y quieren competir. Creemos que ser\u00eda bueno que pudieran participar y esperamos que la APB piense en los atletas, no afectar\u00e1 de ninguna manera al tour ya que en esa fecha estar\u00e1 finalizado. Son muchos los que quieren estar en uno de los campeonatos internacionales m\u00e1s reconocidos a nivel mundial, Gran Canaria Front\u00f3n King. Ojal\u00e1 sea una respuesta positiva por parte de APB por el bien del deporte.<\/span><\/p>\n<div class=\"text_exposed_show\">\n<p>Pronto m\u00e1s informaci\u00f3n sobre el evento que est\u00e1 confirmado del 20 de Octubre al 3 de Noviembre.<\/p>\n<\/div>\n<div class=\"text_exposed_show\">\n<p>&nbsp;<\/p>\n<\/div>\n<p>[:en]<img fetchpriority=\"high\" decoding=\"async\" class=\"alignnone size-medium wp-image-5434\" src=\"http:\/\/frontonking.com\/wp-content\/uploads\/2018\/09\/GCFK18-300x225.jpg\" alt=\"\" width=\"300\" height=\"225\" srcset=\"https:\/\/frontonking.com\/wp-content\/uploads\/2018\/09\/GCFK18-300x225.jpg 300w, https:\/\/frontonking.com\/wp-content\/uploads\/2018\/09\/GCFK18-600x450.jpg 600w, https:\/\/frontonking.com\/wp-content\/uploads\/2018\/09\/GCFK18-768x576.jpg 768w, https:\/\/frontonking.com\/wp-content\/uploads\/2018\/09\/GCFK18.jpg 800w, https:\/\/frontonking.com\/wp-content\/uploads\/2018\/09\/GCFK18-733x550.jpg 733w, https:\/\/frontonking.com\/wp-content\/uploads\/2018\/09\/GCFK18-80x60.jpg 80w, https:\/\/frontonking.com\/wp-content\/uploads\/2018\/09\/GCFK18-80x60@2x.jpg 160w\" sizes=\"(max-width: 300px) 100vw, 300px\" \/><\/p>\n<pre id=\"tw-target-text\" class=\"tw-data-text tw-ta tw-text-small\" dir=\"ltr\" data-placeholder=\"Traducci\u00f3n\" data-fulltext=\"\"><span lang=\"en\">First of all, apologize to the athletes and fans of the Gran Canaria Front\u00f3n King for not being a part of the APB tour in this edition. The reasons have been not to reach an agreement in the negotiations by both parties. Although there have been news of the reason for cancellation on their part, they have not been able to explain the real reason as much information is missing. After months of negotiation, FK could not access all of their requests, as many of them fulfilled administrative and sports irregularities that were not feasible on our part. In turn, they did not comply with the guidelines established by us.\r\nWe made it clear that at all times we fought for sports and athletes, so we asked the APB to at least SPECIAL EVENT not to harm some riders who have contacted us and want to compete. We think it would be good if they could participate and we hope that the APB will think about the athletes, it will not affect the tour in any way since it will be finished on that date. There are many who want to be in one of the most recognized international championships in the world, Gran Canaria Front\u00f3n King. Hopefully it is a positive response from APB for the good of the sport.\r\nSoon more information about the event that is confirmed from October 20 to November 3.<\/span><\/pre>\n<p>[:]<\/p>\n","protected":false},"excerpt":{"rendered":"<p>[:es] ?? ACLARACIONES GRAN CANARIA FRONT\u00d3N KING Ante todo pedir disculpas a los atletas y seguidores del Gran Canaria Front\u00f3n King por no ser prueba del circuito APB en esta edici\u00f3n. Las razones han sido no llegar a un acuerdo en las negociaciones por ambas partes. Aunque se hayan publicado noticias del motivo de cancelaci\u00f3n [&hellip;]<\/p>\n","protected":false},"author":1,"featured_media":0,"comment_status":"closed","ping_status":"open","sticky":false,"template":"","format":"standard","meta":{"footnotes":""},"categories":[181,1],"tags":[188,189,186,184,185,187],"class_list":["post-5433","post","type-post","status-publish","format-standard","hentry","category-novedades","category-sin-categoria","tag-bodyboard","tag-bodyboarding","tag-fronton","tag-fronton-king-2018","tag-gran-canaria","tag-wave"],"yoast_head":"<!-- This site is optimized with the Yoast SEO plugin v27.5 - https:\/\/yoast.com\/product\/yoast-seo-wordpress\/ -->\n<title>[:es]ACLARACIONES GRAN CANARIA FRONT\u00d3N KING[:en]EXPLANATORY NOTE GRAN CANARIA FRONT\u00d3N KING[:] - Gran Canaria Fronton King<\/title>\n<meta name=\"robots\" content=\"index, follow, max-snippet:-1, max-image-preview:large, max-video-preview:-1\" \/>\n<link rel=\"canonical\" href=\"https:\/\/frontonking.com\/en\/gran-canaria-fronton-king-2018-pro-confirmado-2\/\" \/>\n<meta property=\"og:locale\" content=\"en_GB\" \/>\n<meta property=\"og:type\" content=\"article\" \/>\n<meta property=\"og:title\" content=\"[:es]ACLARACIONES GRAN CANARIA FRONT\u00d3N KING[:en]EXPLANATORY NOTE GRAN CANARIA FRONT\u00d3N KING[:] - Gran Canaria Fronton King\" \/>\n<meta property=\"og:description\" content=\"[:es] ?? ACLARACIONES GRAN CANARIA FRONT\u00d3N KING Ante todo pedir disculpas a los atletas y seguidores del Gran Canaria Front\u00f3n King por no ser prueba del circuito APB en esta edici\u00f3n. Las razones han sido no llegar a un acuerdo en las negociaciones por ambas partes. Aunque se hayan publicado noticias del motivo de cancelaci\u00f3n [&hellip;]\" \/>\n<meta property=\"og:url\" content=\"https:\/\/frontonking.com\/en\/gran-canaria-fronton-king-2018-pro-confirmado-2\/\" \/>\n<meta property=\"og:site_name\" content=\"Gran Canaria Fronton King\" \/>\n<meta property=\"article:published_time\" content=\"2018-09-06T14:28:50+00:00\" \/>\n<meta property=\"article:modified_time\" content=\"2024-10-08T18:55:07+00:00\" \/>\n<meta property=\"og:image\" content=\"http:\/\/frontonking.com\/wp-content\/uploads\/2018\/09\/GCFK18-300x225.jpg\" \/>\n<meta name=\"author\" content=\"DANIEL\" \/>\n<meta name=\"twitter:card\" content=\"summary_large_image\" \/>\n<meta name=\"twitter:label1\" content=\"Written by\" \/>\n\t<meta name=\"twitter:data1\" content=\"DANIEL\" \/>\n\t<meta name=\"twitter:label2\" content=\"Estimated reading time\" \/>\n\t<meta name=\"twitter:data2\" content=\"2 minutes\" \/>\n<script type=\"application\/ld+json\" class=\"yoast-schema-graph\">{\"@context\":\"https:\\\/\\\/schema.org\",\"@graph\":[{\"@type\":\"Article\",\"@id\":\"https:\\\/\\\/frontonking.com\\\/gran-canaria-fronton-king-2018-pro-confirmado-2\\\/#article\",\"isPartOf\":{\"@id\":\"https:\\\/\\\/frontonking.com\\\/gran-canaria-fronton-king-2018-pro-confirmado-2\\\/\"},\"author\":{\"name\":\"DANIEL\",\"@id\":\"https:\\\/\\\/frontonking.com\\\/#\\\/schema\\\/person\\\/daecc8af58b09f31391037619e891a0e\"},\"headline\":\"[:es]ACLARACIONES GRAN CANARIA FRONT\u00d3N KING[:en]EXPLANATORY NOTE GRAN CANARIA FRONT\u00d3N KING[:]\",\"datePublished\":\"2018-09-06T14:28:50+00:00\",\"dateModified\":\"2024-10-08T18:55:07+00:00\",\"mainEntityOfPage\":{\"@id\":\"https:\\\/\\\/frontonking.com\\\/gran-canaria-fronton-king-2018-pro-confirmado-2\\\/\"},\"wordCount\":261,\"publisher\":{\"@id\":\"https:\\\/\\\/frontonking.com\\\/#organization\"},\"image\":{\"@id\":\"https:\\\/\\\/frontonking.com\\\/gran-canaria-fronton-king-2018-pro-confirmado-2\\\/#primaryimage\"},\"thumbnailUrl\":\"http:\\\/\\\/frontonking.com\\\/wp-content\\\/uploads\\\/2018\\\/09\\\/GCFK18-300x225.jpg\",\"keywords\":[\"bodyboard\",\"bodyboarding\",\"fronton\",\"fronton king 2018\",\"gran canaria\",\"wave\"],\"articleSection\":[\"Novedades\",\"Sin categor\u00eda\"],\"inLanguage\":\"en-GB\"},{\"@type\":\"WebPage\",\"@id\":\"https:\\\/\\\/frontonking.com\\\/gran-canaria-fronton-king-2018-pro-confirmado-2\\\/\",\"url\":\"https:\\\/\\\/frontonking.com\\\/gran-canaria-fronton-king-2018-pro-confirmado-2\\\/\",\"name\":\"[:es]ACLARACIONES GRAN CANARIA FRONT\u00d3N KING[:en]EXPLANATORY NOTE GRAN CANARIA FRONT\u00d3N KING[:] - Gran Canaria Fronton King\",\"isPartOf\":{\"@id\":\"https:\\\/\\\/frontonking.com\\\/#website\"},\"primaryImageOfPage\":{\"@id\":\"https:\\\/\\\/frontonking.com\\\/gran-canaria-fronton-king-2018-pro-confirmado-2\\\/#primaryimage\"},\"image\":{\"@id\":\"https:\\\/\\\/frontonking.com\\\/gran-canaria-fronton-king-2018-pro-confirmado-2\\\/#primaryimage\"},\"thumbnailUrl\":\"http:\\\/\\\/frontonking.com\\\/wp-content\\\/uploads\\\/2018\\\/09\\\/GCFK18-300x225.jpg\",\"datePublished\":\"2018-09-06T14:28:50+00:00\",\"dateModified\":\"2024-10-08T18:55:07+00:00\",\"breadcrumb\":{\"@id\":\"https:\\\/\\\/frontonking.com\\\/gran-canaria-fronton-king-2018-pro-confirmado-2\\\/#breadcrumb\"},\"inLanguage\":\"en-GB\",\"potentialAction\":[{\"@type\":\"ReadAction\",\"target\":[\"https:\\\/\\\/frontonking.com\\\/gran-canaria-fronton-king-2018-pro-confirmado-2\\\/\"]}]},{\"@type\":\"ImageObject\",\"inLanguage\":\"en-GB\",\"@id\":\"https:\\\/\\\/frontonking.com\\\/gran-canaria-fronton-king-2018-pro-confirmado-2\\\/#primaryimage\",\"url\":\"http:\\\/\\\/frontonking.com\\\/wp-content\\\/uploads\\\/2018\\\/09\\\/GCFK18-300x225.jpg\",\"contentUrl\":\"http:\\\/\\\/frontonking.com\\\/wp-content\\\/uploads\\\/2018\\\/09\\\/GCFK18-300x225.jpg\"},{\"@type\":\"BreadcrumbList\",\"@id\":\"https:\\\/\\\/frontonking.com\\\/gran-canaria-fronton-king-2018-pro-confirmado-2\\\/#breadcrumb\",\"itemListElement\":[{\"@type\":\"ListItem\",\"position\":1,\"name\":\"Portada\",\"item\":\"https:\\\/\\\/frontonking.com\\\/\"},{\"@type\":\"ListItem\",\"position\":2,\"name\":\"[:es]ACLARACIONES GRAN CANARIA FRONT\u00d3N KING[:en]EXPLANATORY NOTE GRAN CANARIA FRONT\u00d3N KING[:]\"}]},{\"@type\":\"WebSite\",\"@id\":\"https:\\\/\\\/frontonking.com\\\/#website\",\"url\":\"https:\\\/\\\/frontonking.com\\\/\",\"name\":\"Gran Canaria Fronton King\",\"description\":\"The Gran Canaria Fronton King Pro is the best bodyboarding competition in the world\",\"publisher\":{\"@id\":\"https:\\\/\\\/frontonking.com\\\/#organization\"},\"potentialAction\":[{\"@type\":\"SearchAction\",\"target\":{\"@type\":\"EntryPoint\",\"urlTemplate\":\"https:\\\/\\\/frontonking.com\\\/?s={search_term_string}\"},\"query-input\":{\"@type\":\"PropertyValueSpecification\",\"valueRequired\":true,\"valueName\":\"search_term_string\"}}],\"inLanguage\":\"en-GB\"},{\"@type\":\"Organization\",\"@id\":\"https:\\\/\\\/frontonking.com\\\/#organization\",\"name\":\"Gran Canaria Fronton King\",\"url\":\"https:\\\/\\\/frontonking.com\\\/\",\"logo\":{\"@type\":\"ImageObject\",\"inLanguage\":\"en-GB\",\"@id\":\"https:\\\/\\\/frontonking.com\\\/#\\\/schema\\\/logo\\\/image\\\/\",\"url\":\"https:\\\/\\\/frontonking.com\\\/wp-content\\\/uploads\\\/2025\\\/08\\\/cropped-LOGO25_300px.png\",\"contentUrl\":\"https:\\\/\\\/frontonking.com\\\/wp-content\\\/uploads\\\/2025\\\/08\\\/cropped-LOGO25_300px.png\",\"width\":300,\"height\":227,\"caption\":\"Gran Canaria Fronton King\"},\"image\":{\"@id\":\"https:\\\/\\\/frontonking.com\\\/#\\\/schema\\\/logo\\\/image\\\/\"}},{\"@type\":\"Person\",\"@id\":\"https:\\\/\\\/frontonking.com\\\/#\\\/schema\\\/person\\\/daecc8af58b09f31391037619e891a0e\",\"name\":\"DANIEL\",\"image\":{\"@type\":\"ImageObject\",\"inLanguage\":\"en-GB\",\"@id\":\"https:\\\/\\\/secure.gravatar.com\\\/avatar\\\/77cfdfb80ebea6d19deee660621b9b34dc8938e750e52d382160034464c651a0?s=96&d=mm&r=g\",\"url\":\"https:\\\/\\\/secure.gravatar.com\\\/avatar\\\/77cfdfb80ebea6d19deee660621b9b34dc8938e750e52d382160034464c651a0?s=96&d=mm&r=g\",\"contentUrl\":\"https:\\\/\\\/secure.gravatar.com\\\/avatar\\\/77cfdfb80ebea6d19deee660621b9b34dc8938e750e52d382160034464c651a0?s=96&d=mm&r=g\",\"caption\":\"DANIEL\"},\"sameAs\":[\"https:\\\/\\\/frontonking.com\"],\"url\":\"https:\\\/\\\/frontonking.com\\\/en\\\/author\\\/admin_frontonking\\\/\"}]}<\/script>\n<!-- \/ Yoast SEO plugin. -->","yoast_head_json":{"title":"[:es]ACLARACIONES GRAN CANARIA FRONT\u00d3N KING[:en]EXPLANATORY NOTE GRAN CANARIA FRONT\u00d3N KING[:] - Gran Canaria Fronton King","robots":{"index":"index","follow":"follow","max-snippet":"max-snippet:-1","max-image-preview":"max-image-preview:large","max-video-preview":"max-video-preview:-1"},"canonical":"https:\/\/frontonking.com\/en\/gran-canaria-fronton-king-2018-pro-confirmado-2\/","og_locale":"en_GB","og_type":"article","og_title":"[:es]ACLARACIONES GRAN CANARIA FRONT\u00d3N KING[:en]EXPLANATORY NOTE GRAN CANARIA FRONT\u00d3N KING[:] - Gran Canaria Fronton King","og_description":"[:es] ?? ACLARACIONES GRAN CANARIA FRONT\u00d3N KING Ante todo pedir disculpas a los atletas y seguidores del Gran Canaria Front\u00f3n King por no ser prueba del circuito APB en esta edici\u00f3n. Las razones han sido no llegar a un acuerdo en las negociaciones por ambas partes. Aunque se hayan publicado noticias del motivo de cancelaci\u00f3n [&hellip;]","og_url":"https:\/\/frontonking.com\/en\/gran-canaria-fronton-king-2018-pro-confirmado-2\/","og_site_name":"Gran Canaria Fronton King","article_published_time":"2018-09-06T14:28:50+00:00","article_modified_time":"2024-10-08T18:55:07+00:00","og_image":[{"url":"http:\/\/frontonking.com\/wp-content\/uploads\/2018\/09\/GCFK18-300x225.jpg","type":"","width":"","height":""}],"author":"DANIEL","twitter_card":"summary_large_image","twitter_misc":{"Written by":"DANIEL","Estimated reading time":"2 minutes"},"schema":{"@context":"https:\/\/schema.org","@graph":[{"@type":"Article","@id":"https:\/\/frontonking.com\/gran-canaria-fronton-king-2018-pro-confirmado-2\/#article","isPartOf":{"@id":"https:\/\/frontonking.com\/gran-canaria-fronton-king-2018-pro-confirmado-2\/"},"author":{"name":"DANIEL","@id":"https:\/\/frontonking.com\/#\/schema\/person\/daecc8af58b09f31391037619e891a0e"},"headline":"[:es]ACLARACIONES GRAN CANARIA FRONT\u00d3N KING[:en]EXPLANATORY NOTE GRAN CANARIA FRONT\u00d3N KING[:]","datePublished":"2018-09-06T14:28:50+00:00","dateModified":"2024-10-08T18:55:07+00:00","mainEntityOfPage":{"@id":"https:\/\/frontonking.com\/gran-canaria-fronton-king-2018-pro-confirmado-2\/"},"wordCount":261,"publisher":{"@id":"https:\/\/frontonking.com\/#organization"},"image":{"@id":"https:\/\/frontonking.com\/gran-canaria-fronton-king-2018-pro-confirmado-2\/#primaryimage"},"thumbnailUrl":"http:\/\/frontonking.com\/wp-content\/uploads\/2018\/09\/GCFK18-300x225.jpg","keywords":["bodyboard","bodyboarding","fronton","fronton king 2018","gran canaria","wave"],"articleSection":["Novedades","Sin categor\u00eda"],"inLanguage":"en-GB"},{"@type":"WebPage","@id":"https:\/\/frontonking.com\/gran-canaria-fronton-king-2018-pro-confirmado-2\/","url":"https:\/\/frontonking.com\/gran-canaria-fronton-king-2018-pro-confirmado-2\/","name":"[:es]ACLARACIONES GRAN CANARIA FRONT\u00d3N KING[:en]EXPLANATORY NOTE GRAN CANARIA FRONT\u00d3N KING[:] - Gran Canaria Fronton King","isPartOf":{"@id":"https:\/\/frontonking.com\/#website"},"primaryImageOfPage":{"@id":"https:\/\/frontonking.com\/gran-canaria-fronton-king-2018-pro-confirmado-2\/#primaryimage"},"image":{"@id":"https:\/\/frontonking.com\/gran-canaria-fronton-king-2018-pro-confirmado-2\/#primaryimage"},"thumbnailUrl":"http:\/\/frontonking.com\/wp-content\/uploads\/2018\/09\/GCFK18-300x225.jpg","datePublished":"2018-09-06T14:28:50+00:00","dateModified":"2024-10-08T18:55:07+00:00","breadcrumb":{"@id":"https:\/\/frontonking.com\/gran-canaria-fronton-king-2018-pro-confirmado-2\/#breadcrumb"},"inLanguage":"en-GB","potentialAction":[{"@type":"ReadAction","target":["https:\/\/frontonking.com\/gran-canaria-fronton-king-2018-pro-confirmado-2\/"]}]},{"@type":"ImageObject","inLanguage":"en-GB","@id":"https:\/\/frontonking.com\/gran-canaria-fronton-king-2018-pro-confirmado-2\/#primaryimage","url":"http:\/\/frontonking.com\/wp-content\/uploads\/2018\/09\/GCFK18-300x225.jpg","contentUrl":"http:\/\/frontonking.com\/wp-content\/uploads\/2018\/09\/GCFK18-300x225.jpg"},{"@type":"BreadcrumbList","@id":"https:\/\/frontonking.com\/gran-canaria-fronton-king-2018-pro-confirmado-2\/#breadcrumb","itemListElement":[{"@type":"ListItem","position":1,"name":"Portada","item":"https:\/\/frontonking.com\/"},{"@type":"ListItem","position":2,"name":"[:es]ACLARACIONES GRAN CANARIA FRONT\u00d3N KING[:en]EXPLANATORY NOTE GRAN CANARIA FRONT\u00d3N KING[:]"}]},{"@type":"WebSite","@id":"https:\/\/frontonking.com\/#website","url":"https:\/\/frontonking.com\/","name":"Gran Canaria Fronton King","description":"The Gran Canaria Fronton King Pro is the best bodyboarding competition in the world","publisher":{"@id":"https:\/\/frontonking.com\/#organization"},"potentialAction":[{"@type":"SearchAction","target":{"@type":"EntryPoint","urlTemplate":"https:\/\/frontonking.com\/?s={search_term_string}"},"query-input":{"@type":"PropertyValueSpecification","valueRequired":true,"valueName":"search_term_string"}}],"inLanguage":"en-GB"},{"@type":"Organization","@id":"https:\/\/frontonking.com\/#organization","name":"Gran Canaria Fronton King","url":"https:\/\/frontonking.com\/","logo":{"@type":"ImageObject","inLanguage":"en-GB","@id":"https:\/\/frontonking.com\/#\/schema\/logo\/image\/","url":"https:\/\/frontonking.com\/wp-content\/uploads\/2025\/08\/cropped-LOGO25_300px.png","contentUrl":"https:\/\/frontonking.com\/wp-content\/uploads\/2025\/08\/cropped-LOGO25_300px.png","width":300,"height":227,"caption":"Gran Canaria Fronton King"},"image":{"@id":"https:\/\/frontonking.com\/#\/schema\/logo\/image\/"}},{"@type":"Person","@id":"https:\/\/frontonking.com\/#\/schema\/person\/daecc8af58b09f31391037619e891a0e","name":"DANIEL","image":{"@type":"ImageObject","inLanguage":"en-GB","@id":"https:\/\/secure.gravatar.com\/avatar\/77cfdfb80ebea6d19deee660621b9b34dc8938e750e52d382160034464c651a0?s=96&d=mm&r=g","url":"https:\/\/secure.gravatar.com\/avatar\/77cfdfb80ebea6d19deee660621b9b34dc8938e750e52d382160034464c651a0?s=96&d=mm&r=g","contentUrl":"https:\/\/secure.gravatar.com\/avatar\/77cfdfb80ebea6d19deee660621b9b34dc8938e750e52d382160034464c651a0?s=96&d=mm&r=g","caption":"DANIEL"},"sameAs":["https:\/\/frontonking.com"],"url":"https:\/\/frontonking.com\/en\/author\/admin_frontonking\/"}]}},"_links":{"self":[{"href":"https:\/\/frontonking.com\/en\/wp-json\/wp\/v2\/posts\/5433","targetHints":{"allow":["GET"]}}],"collection":[{"href":"https:\/\/frontonking.com\/en\/wp-json\/wp\/v2\/posts"}],"about":[{"href":"https:\/\/frontonking.com\/en\/wp-json\/wp\/v2\/types\/post"}],"author":[{"embeddable":true,"href":"https:\/\/frontonking.com\/en\/wp-json\/wp\/v2\/users\/1"}],"replies":[{"embeddable":true,"href":"https:\/\/frontonking.com\/en\/wp-json\/wp\/v2\/comments?post=5433"}],"version-history":[{"count":1,"href":"https:\/\/frontonking.com\/en\/wp-json\/wp\/v2\/posts\/5433\/revisions"}],"predecessor-version":[{"id":9711,"href":"https:\/\/frontonking.com\/en\/wp-json\/wp\/v2\/posts\/5433\/revisions\/9711"}],"wp:attachment":[{"href":"https:\/\/frontonking.com\/en\/wp-json\/wp\/v2\/media?parent=5433"}],"wp:term":[{"taxonomy":"category","embeddable":true,"href":"https:\/\/frontonking.com\/en\/wp-json\/wp\/v2\/categories?post=5433"},{"taxonomy":"post_tag","embeddable":true,"href":"https:\/\/frontonking.com\/en\/wp-json\/wp\/v2\/tags?post=5433"}],"curies":[{"name":"wp","href":"https:\/\/api.w.org\/{rel}","templated":true}]}}