{"id":5526,"date":"2018-10-05T19:52:49","date_gmt":"2018-10-05T19:52:49","guid":{"rendered":"http:\/\/frontonking.com\/?p=5526"},"modified":"2024-10-08T19:55:06","modified_gmt":"2024-10-08T18:55:06","slug":"gran-canaria-fronton-king-2018-pro-confirmado-2-2-2-3","status":"publish","type":"post","link":"https:\/\/frontonking.com\/en\/gran-canaria-fronton-king-2018-pro-confirmado-2-2-2-3\/","title":{"rendered":"[:es]P\u00f3ster oficial del Gran Canaria World Cup Front\u00f3n King 2018[:en]Gran Canaria World Cup Fronton King official poster[:]"},"content":{"rendered":"<p>[:es]<\/p>\n<p><img fetchpriority=\"high\" decoding=\"async\" class=\"aligncenter size-large wp-image-5533\" src=\"http:\/\/frontonking.com\/wp-content\/uploads\/2018\/10\/AF-POSTER-50x70-fK2K18_EXT_LR-736x1024.jpg\" alt=\"\" width=\"736\" height=\"1024\" srcset=\"https:\/\/frontonking.com\/wp-content\/uploads\/2018\/10\/AF-POSTER-50x70-fK2K18_EXT_LR-736x1024.jpg 736w, https:\/\/frontonking.com\/wp-content\/uploads\/2018\/10\/AF-POSTER-50x70-fK2K18_EXT_LR-600x835.jpg 600w, https:\/\/frontonking.com\/wp-content\/uploads\/2018\/10\/AF-POSTER-50x70-fK2K18_EXT_LR-216x300.jpg 216w, https:\/\/frontonking.com\/wp-content\/uploads\/2018\/10\/AF-POSTER-50x70-fK2K18_EXT_LR-768x1069.jpg 768w, https:\/\/frontonking.com\/wp-content\/uploads\/2018\/10\/AF-POSTER-50x70-fK2K18_EXT_LR-395x550.jpg 395w, https:\/\/frontonking.com\/wp-content\/uploads\/2018\/10\/AF-POSTER-50x70-fK2K18_EXT_LR-395x550@2x.jpg 790w, https:\/\/frontonking.com\/wp-content\/uploads\/2018\/10\/AF-POSTER-50x70-fK2K18_EXT_LR-scaled.jpg 1839w\" sizes=\"(max-width: 736px) 100vw, 736px\" \/><br \/>Ante todo dar las\u00a0gracias\u00a0a todos los\u00a0patrocinadores\u00a0y colaboradores\u00a0que un a\u00f1o m\u00e1s apuestan por esta esperada prueba\u00a0internacional.<br \/>Sin duda uno de los eventos de bodyboard\u00a0m\u00e1s espectaculares del planeta. El Front\u00f3n King ya es un referente por sus\u00a0caracter\u00edsticas inigualables, por ello Canarias, Gran Canaria y G\u00e1ldar se\u00a0muestran al mundo a trav\u00e9s de esta joya del Oc\u00e9ano Atl\u00e1ntico.<br \/>En la portada una de las promesas del\u00a0bodyboard mundial, campe\u00f3n en la pasada edici\u00f3n FK Junior, el galdense William\u00a0Luj\u00e1n. Pic. Richard Alem\u00e1n.<\/p>\n<p>Del 19 Oct. al 3 Nov. Tienes una cita en\u00a0G\u00e1ldar, Gran Canaria, \u00bfte lo vas a perder?<\/p>\n<p>\u00a1Espect\u00e1culo garantizado! #FK18<\/p>\n<p>\u00a0+ info:\u00a0www.frontonking.com\u00a0\u00a0y APP\u00a0Fronton king.<\/p>\n<p>Y redes\u00a0sociales\u00a0\u00a0@Frontonking &#8211; Facebook \/ Instagram\/\u00a0twiter<\/p>\n<p>[:en]<img decoding=\"async\" class=\"alignnone size-full wp-image-5533\" src=\"http:\/\/frontonking.com\/wp-content\/uploads\/2018\/10\/AF-POSTER-50x70-fK2K18_EXT_LR.jpg\" alt=\"\" width=\"3000\" height=\"4176\" \/><br \/>First of all, to thank all the sponsors and collaborators who, one more year, supporting this exseptional international event.<br \/>Undoubtedly one of the most spectacular bodyboard events on the planet. The Front\u00f3n King is already a benchmark for its unique characteristics, Gran Canaria and G\u00e1ldar are shown to the world through this jewel of the Atlantic Ocean.<br \/>On the poster one of the world\u00b4s promising young rider, champion in the last edition of FK Junior, William Lujan. <br \/>Pic. Richard Alem\u00e1n.<br \/>From Oct. 19 to Nov. 3 You have an appointment in G\u00e1ldar, Gran Canaria, are you going to miss it? Guaranteed show!<br \/>+ info: www.frontonking.com<br \/>And social networks @Frontonking \/ Facebook \/ App \/ Instagram[:]<\/p>\n","protected":false},"excerpt":{"rendered":"<p>[:es] Ante todo dar las\u00a0gracias\u00a0a todos los\u00a0patrocinadores\u00a0y colaboradores\u00a0que un a\u00f1o m\u00e1s apuestan por esta esperada prueba\u00a0internacional.Sin duda uno de los eventos de bodyboard\u00a0m\u00e1s espectaculares del planeta. El Front\u00f3n King ya es un referente por sus\u00a0caracter\u00edsticas inigualables, por ello Canarias, Gran Canaria y G\u00e1ldar se\u00a0muestran al mundo a trav\u00e9s de esta joya del Oc\u00e9ano Atl\u00e1ntico.En la [&hellip;]<\/p>\n","protected":false},"author":1,"featured_media":5530,"comment_status":"closed","ping_status":"open","sticky":false,"template":"","format":"standard","meta":{"footnotes":""},"categories":[181,1],"tags":[188,189,186,184,185,187],"class_list":["post-5526","post","type-post","status-publish","format-standard","has-post-thumbnail","hentry","category-novedades","category-sin-categoria","tag-bodyboard","tag-bodyboarding","tag-fronton","tag-fronton-king-2018","tag-gran-canaria","tag-wave"],"yoast_head":"<!-- This site is optimized with the Yoast SEO plugin v27.5 - https:\/\/yoast.com\/product\/yoast-seo-wordpress\/ -->\n<title>[:es]P\u00f3ster oficial del Gran Canaria World Cup Front\u00f3n King 2018[:en]Gran Canaria World Cup Fronton King official poster[:] - Gran Canaria Fronton King<\/title>\n<meta name=\"robots\" content=\"index, follow, max-snippet:-1, max-image-preview:large, max-video-preview:-1\" \/>\n<link rel=\"canonical\" href=\"https:\/\/frontonking.com\/en\/gran-canaria-fronton-king-2018-pro-confirmado-2-2-2-3\/\" \/>\n<meta property=\"og:locale\" content=\"en_GB\" \/>\n<meta property=\"og:type\" content=\"article\" \/>\n<meta property=\"og:title\" content=\"[:es]P\u00f3ster oficial del Gran Canaria World Cup Front\u00f3n King 2018[:en]Gran Canaria World Cup Fronton King official poster[:] - Gran Canaria Fronton King\" \/>\n<meta property=\"og:description\" content=\"[:es] Ante todo dar las\u00a0gracias\u00a0a todos los\u00a0patrocinadores\u00a0y colaboradores\u00a0que un a\u00f1o m\u00e1s apuestan por esta esperada prueba\u00a0internacional.Sin duda uno de los eventos de bodyboard\u00a0m\u00e1s espectaculares del planeta. El Front\u00f3n King ya es un referente por sus\u00a0caracter\u00edsticas inigualables, por ello Canarias, Gran Canaria y G\u00e1ldar se\u00a0muestran al mundo a trav\u00e9s de esta joya del Oc\u00e9ano Atl\u00e1ntico.En la [&hellip;]\" \/>\n<meta property=\"og:url\" content=\"https:\/\/frontonking.com\/en\/gran-canaria-fronton-king-2018-pro-confirmado-2-2-2-3\/\" \/>\n<meta property=\"og:site_name\" content=\"Gran Canaria Fronton King\" \/>\n<meta property=\"article:published_time\" content=\"2018-10-05T19:52:49+00:00\" \/>\n<meta property=\"article:modified_time\" content=\"2024-10-08T18:55:06+00:00\" \/>\n<meta property=\"og:image\" content=\"https:\/\/frontonking.com\/wp-content\/uploads\/2018\/10\/PORTADA.jpg\" \/>\n\t<meta property=\"og:image:width\" content=\"2286\" \/>\n\t<meta property=\"og:image:height\" content=\"1106\" \/>\n\t<meta property=\"og:image:type\" content=\"image\/jpeg\" \/>\n<meta name=\"author\" content=\"DANIEL\" \/>\n<meta name=\"twitter:card\" content=\"summary_large_image\" \/>\n<meta name=\"twitter:label1\" content=\"Written by\" \/>\n\t<meta name=\"twitter:data1\" content=\"DANIEL\" \/>\n\t<meta name=\"twitter:label2\" content=\"Estimated reading time\" \/>\n\t<meta name=\"twitter:data2\" content=\"1 minute\" \/>\n<script type=\"application\/ld+json\" class=\"yoast-schema-graph\">{\"@context\":\"https:\\\/\\\/schema.org\",\"@graph\":[{\"@type\":\"Article\",\"@id\":\"https:\\\/\\\/frontonking.com\\\/gran-canaria-fronton-king-2018-pro-confirmado-2-2-2-3\\\/#article\",\"isPartOf\":{\"@id\":\"https:\\\/\\\/frontonking.com\\\/gran-canaria-fronton-king-2018-pro-confirmado-2-2-2-3\\\/\"},\"author\":{\"name\":\"DANIEL\",\"@id\":\"https:\\\/\\\/frontonking.com\\\/#\\\/schema\\\/person\\\/daecc8af58b09f31391037619e891a0e\"},\"headline\":\"[:es]P\u00f3ster oficial del Gran Canaria World Cup Front\u00f3n King 2018[:en]Gran Canaria World Cup Fronton King official poster[:]\",\"datePublished\":\"2018-10-05T19:52:49+00:00\",\"dateModified\":\"2024-10-08T18:55:06+00:00\",\"mainEntityOfPage\":{\"@id\":\"https:\\\/\\\/frontonking.com\\\/gran-canaria-fronton-king-2018-pro-confirmado-2-2-2-3\\\/\"},\"wordCount\":275,\"publisher\":{\"@id\":\"https:\\\/\\\/frontonking.com\\\/#organization\"},\"image\":{\"@id\":\"https:\\\/\\\/frontonking.com\\\/gran-canaria-fronton-king-2018-pro-confirmado-2-2-2-3\\\/#primaryimage\"},\"thumbnailUrl\":\"https:\\\/\\\/frontonking.com\\\/wp-content\\\/uploads\\\/2018\\\/10\\\/PORTADA.jpg\",\"keywords\":[\"bodyboard\",\"bodyboarding\",\"fronton\",\"fronton king 2018\",\"gran canaria\",\"wave\"],\"articleSection\":[\"Novedades\",\"Sin categor\u00eda\"],\"inLanguage\":\"en-GB\"},{\"@type\":\"WebPage\",\"@id\":\"https:\\\/\\\/frontonking.com\\\/gran-canaria-fronton-king-2018-pro-confirmado-2-2-2-3\\\/\",\"url\":\"https:\\\/\\\/frontonking.com\\\/gran-canaria-fronton-king-2018-pro-confirmado-2-2-2-3\\\/\",\"name\":\"[:es]P\u00f3ster oficial del Gran Canaria World Cup Front\u00f3n King 2018[:en]Gran Canaria World Cup Fronton King official poster[:] - Gran Canaria Fronton King\",\"isPartOf\":{\"@id\":\"https:\\\/\\\/frontonking.com\\\/#website\"},\"primaryImageOfPage\":{\"@id\":\"https:\\\/\\\/frontonking.com\\\/gran-canaria-fronton-king-2018-pro-confirmado-2-2-2-3\\\/#primaryimage\"},\"image\":{\"@id\":\"https:\\\/\\\/frontonking.com\\\/gran-canaria-fronton-king-2018-pro-confirmado-2-2-2-3\\\/#primaryimage\"},\"thumbnailUrl\":\"https:\\\/\\\/frontonking.com\\\/wp-content\\\/uploads\\\/2018\\\/10\\\/PORTADA.jpg\",\"datePublished\":\"2018-10-05T19:52:49+00:00\",\"dateModified\":\"2024-10-08T18:55:06+00:00\",\"breadcrumb\":{\"@id\":\"https:\\\/\\\/frontonking.com\\\/gran-canaria-fronton-king-2018-pro-confirmado-2-2-2-3\\\/#breadcrumb\"},\"inLanguage\":\"en-GB\",\"potentialAction\":[{\"@type\":\"ReadAction\",\"target\":[\"https:\\\/\\\/frontonking.com\\\/gran-canaria-fronton-king-2018-pro-confirmado-2-2-2-3\\\/\"]}]},{\"@type\":\"ImageObject\",\"inLanguage\":\"en-GB\",\"@id\":\"https:\\\/\\\/frontonking.com\\\/gran-canaria-fronton-king-2018-pro-confirmado-2-2-2-3\\\/#primaryimage\",\"url\":\"https:\\\/\\\/frontonking.com\\\/wp-content\\\/uploads\\\/2018\\\/10\\\/PORTADA.jpg\",\"contentUrl\":\"https:\\\/\\\/frontonking.com\\\/wp-content\\\/uploads\\\/2018\\\/10\\\/PORTADA.jpg\",\"width\":2286,\"height\":1106},{\"@type\":\"BreadcrumbList\",\"@id\":\"https:\\\/\\\/frontonking.com\\\/gran-canaria-fronton-king-2018-pro-confirmado-2-2-2-3\\\/#breadcrumb\",\"itemListElement\":[{\"@type\":\"ListItem\",\"position\":1,\"name\":\"Portada\",\"item\":\"https:\\\/\\\/frontonking.com\\\/\"},{\"@type\":\"ListItem\",\"position\":2,\"name\":\"[:es]P\u00f3ster oficial del Gran Canaria World Cup Front\u00f3n King 2018[:en]Gran Canaria World Cup Fronton King official poster[:]\"}]},{\"@type\":\"WebSite\",\"@id\":\"https:\\\/\\\/frontonking.com\\\/#website\",\"url\":\"https:\\\/\\\/frontonking.com\\\/\",\"name\":\"Gran Canaria Fronton King\",\"description\":\"The Gran Canaria Fronton King Pro is the best bodyboarding competition in the world\",\"publisher\":{\"@id\":\"https:\\\/\\\/frontonking.com\\\/#organization\"},\"potentialAction\":[{\"@type\":\"SearchAction\",\"target\":{\"@type\":\"EntryPoint\",\"urlTemplate\":\"https:\\\/\\\/frontonking.com\\\/?s={search_term_string}\"},\"query-input\":{\"@type\":\"PropertyValueSpecification\",\"valueRequired\":true,\"valueName\":\"search_term_string\"}}],\"inLanguage\":\"en-GB\"},{\"@type\":\"Organization\",\"@id\":\"https:\\\/\\\/frontonking.com\\\/#organization\",\"name\":\"Gran Canaria Fronton King\",\"url\":\"https:\\\/\\\/frontonking.com\\\/\",\"logo\":{\"@type\":\"ImageObject\",\"inLanguage\":\"en-GB\",\"@id\":\"https:\\\/\\\/frontonking.com\\\/#\\\/schema\\\/logo\\\/image\\\/\",\"url\":\"https:\\\/\\\/frontonking.com\\\/wp-content\\\/uploads\\\/2025\\\/08\\\/cropped-LOGO25_300px.png\",\"contentUrl\":\"https:\\\/\\\/frontonking.com\\\/wp-content\\\/uploads\\\/2025\\\/08\\\/cropped-LOGO25_300px.png\",\"width\":300,\"height\":227,\"caption\":\"Gran Canaria Fronton King\"},\"image\":{\"@id\":\"https:\\\/\\\/frontonking.com\\\/#\\\/schema\\\/logo\\\/image\\\/\"}},{\"@type\":\"Person\",\"@id\":\"https:\\\/\\\/frontonking.com\\\/#\\\/schema\\\/person\\\/daecc8af58b09f31391037619e891a0e\",\"name\":\"DANIEL\",\"image\":{\"@type\":\"ImageObject\",\"inLanguage\":\"en-GB\",\"@id\":\"https:\\\/\\\/secure.gravatar.com\\\/avatar\\\/77cfdfb80ebea6d19deee660621b9b34dc8938e750e52d382160034464c651a0?s=96&d=mm&r=g\",\"url\":\"https:\\\/\\\/secure.gravatar.com\\\/avatar\\\/77cfdfb80ebea6d19deee660621b9b34dc8938e750e52d382160034464c651a0?s=96&d=mm&r=g\",\"contentUrl\":\"https:\\\/\\\/secure.gravatar.com\\\/avatar\\\/77cfdfb80ebea6d19deee660621b9b34dc8938e750e52d382160034464c651a0?s=96&d=mm&r=g\",\"caption\":\"DANIEL\"},\"sameAs\":[\"https:\\\/\\\/frontonking.com\"],\"url\":\"https:\\\/\\\/frontonking.com\\\/en\\\/author\\\/admin_frontonking\\\/\"}]}<\/script>\n<!-- \/ Yoast SEO plugin. -->","yoast_head_json":{"title":"[:es]P\u00f3ster oficial del Gran Canaria World Cup Front\u00f3n King 2018[:en]Gran Canaria World Cup Fronton King official poster[:] - Gran Canaria Fronton King","robots":{"index":"index","follow":"follow","max-snippet":"max-snippet:-1","max-image-preview":"max-image-preview:large","max-video-preview":"max-video-preview:-1"},"canonical":"https:\/\/frontonking.com\/en\/gran-canaria-fronton-king-2018-pro-confirmado-2-2-2-3\/","og_locale":"en_GB","og_type":"article","og_title":"[:es]P\u00f3ster oficial del Gran Canaria World Cup Front\u00f3n King 2018[:en]Gran Canaria World Cup Fronton King official poster[:] - Gran Canaria Fronton King","og_description":"[:es] Ante todo dar las\u00a0gracias\u00a0a todos los\u00a0patrocinadores\u00a0y colaboradores\u00a0que un a\u00f1o m\u00e1s apuestan por esta esperada prueba\u00a0internacional.Sin duda uno de los eventos de bodyboard\u00a0m\u00e1s espectaculares del planeta. El Front\u00f3n King ya es un referente por sus\u00a0caracter\u00edsticas inigualables, por ello Canarias, Gran Canaria y G\u00e1ldar se\u00a0muestran al mundo a trav\u00e9s de esta joya del Oc\u00e9ano Atl\u00e1ntico.En la [&hellip;]","og_url":"https:\/\/frontonking.com\/en\/gran-canaria-fronton-king-2018-pro-confirmado-2-2-2-3\/","og_site_name":"Gran Canaria Fronton King","article_published_time":"2018-10-05T19:52:49+00:00","article_modified_time":"2024-10-08T18:55:06+00:00","og_image":[{"width":2286,"height":1106,"url":"https:\/\/frontonking.com\/wp-content\/uploads\/2018\/10\/PORTADA.jpg","type":"image\/jpeg"}],"author":"DANIEL","twitter_card":"summary_large_image","twitter_misc":{"Written by":"DANIEL","Estimated reading time":"1 minute"},"schema":{"@context":"https:\/\/schema.org","@graph":[{"@type":"Article","@id":"https:\/\/frontonking.com\/gran-canaria-fronton-king-2018-pro-confirmado-2-2-2-3\/#article","isPartOf":{"@id":"https:\/\/frontonking.com\/gran-canaria-fronton-king-2018-pro-confirmado-2-2-2-3\/"},"author":{"name":"DANIEL","@id":"https:\/\/frontonking.com\/#\/schema\/person\/daecc8af58b09f31391037619e891a0e"},"headline":"[:es]P\u00f3ster oficial del Gran Canaria World Cup Front\u00f3n King 2018[:en]Gran Canaria World Cup Fronton King official poster[:]","datePublished":"2018-10-05T19:52:49+00:00","dateModified":"2024-10-08T18:55:06+00:00","mainEntityOfPage":{"@id":"https:\/\/frontonking.com\/gran-canaria-fronton-king-2018-pro-confirmado-2-2-2-3\/"},"wordCount":275,"publisher":{"@id":"https:\/\/frontonking.com\/#organization"},"image":{"@id":"https:\/\/frontonking.com\/gran-canaria-fronton-king-2018-pro-confirmado-2-2-2-3\/#primaryimage"},"thumbnailUrl":"https:\/\/frontonking.com\/wp-content\/uploads\/2018\/10\/PORTADA.jpg","keywords":["bodyboard","bodyboarding","fronton","fronton king 2018","gran canaria","wave"],"articleSection":["Novedades","Sin categor\u00eda"],"inLanguage":"en-GB"},{"@type":"WebPage","@id":"https:\/\/frontonking.com\/gran-canaria-fronton-king-2018-pro-confirmado-2-2-2-3\/","url":"https:\/\/frontonking.com\/gran-canaria-fronton-king-2018-pro-confirmado-2-2-2-3\/","name":"[:es]P\u00f3ster oficial del Gran Canaria World Cup Front\u00f3n King 2018[:en]Gran Canaria World Cup Fronton King official poster[:] - Gran Canaria Fronton King","isPartOf":{"@id":"https:\/\/frontonking.com\/#website"},"primaryImageOfPage":{"@id":"https:\/\/frontonking.com\/gran-canaria-fronton-king-2018-pro-confirmado-2-2-2-3\/#primaryimage"},"image":{"@id":"https:\/\/frontonking.com\/gran-canaria-fronton-king-2018-pro-confirmado-2-2-2-3\/#primaryimage"},"thumbnailUrl":"https:\/\/frontonking.com\/wp-content\/uploads\/2018\/10\/PORTADA.jpg","datePublished":"2018-10-05T19:52:49+00:00","dateModified":"2024-10-08T18:55:06+00:00","breadcrumb":{"@id":"https:\/\/frontonking.com\/gran-canaria-fronton-king-2018-pro-confirmado-2-2-2-3\/#breadcrumb"},"inLanguage":"en-GB","potentialAction":[{"@type":"ReadAction","target":["https:\/\/frontonking.com\/gran-canaria-fronton-king-2018-pro-confirmado-2-2-2-3\/"]}]},{"@type":"ImageObject","inLanguage":"en-GB","@id":"https:\/\/frontonking.com\/gran-canaria-fronton-king-2018-pro-confirmado-2-2-2-3\/#primaryimage","url":"https:\/\/frontonking.com\/wp-content\/uploads\/2018\/10\/PORTADA.jpg","contentUrl":"https:\/\/frontonking.com\/wp-content\/uploads\/2018\/10\/PORTADA.jpg","width":2286,"height":1106},{"@type":"BreadcrumbList","@id":"https:\/\/frontonking.com\/gran-canaria-fronton-king-2018-pro-confirmado-2-2-2-3\/#breadcrumb","itemListElement":[{"@type":"ListItem","position":1,"name":"Portada","item":"https:\/\/frontonking.com\/"},{"@type":"ListItem","position":2,"name":"[:es]P\u00f3ster oficial del Gran Canaria World Cup Front\u00f3n King 2018[:en]Gran Canaria World Cup Fronton King official poster[:]"}]},{"@type":"WebSite","@id":"https:\/\/frontonking.com\/#website","url":"https:\/\/frontonking.com\/","name":"Gran Canaria Fronton King","description":"The Gran Canaria Fronton King Pro is the best bodyboarding competition in the world","publisher":{"@id":"https:\/\/frontonking.com\/#organization"},"potentialAction":[{"@type":"SearchAction","target":{"@type":"EntryPoint","urlTemplate":"https:\/\/frontonking.com\/?s={search_term_string}"},"query-input":{"@type":"PropertyValueSpecification","valueRequired":true,"valueName":"search_term_string"}}],"inLanguage":"en-GB"},{"@type":"Organization","@id":"https:\/\/frontonking.com\/#organization","name":"Gran Canaria Fronton King","url":"https:\/\/frontonking.com\/","logo":{"@type":"ImageObject","inLanguage":"en-GB","@id":"https:\/\/frontonking.com\/#\/schema\/logo\/image\/","url":"https:\/\/frontonking.com\/wp-content\/uploads\/2025\/08\/cropped-LOGO25_300px.png","contentUrl":"https:\/\/frontonking.com\/wp-content\/uploads\/2025\/08\/cropped-LOGO25_300px.png","width":300,"height":227,"caption":"Gran Canaria Fronton King"},"image":{"@id":"https:\/\/frontonking.com\/#\/schema\/logo\/image\/"}},{"@type":"Person","@id":"https:\/\/frontonking.com\/#\/schema\/person\/daecc8af58b09f31391037619e891a0e","name":"DANIEL","image":{"@type":"ImageObject","inLanguage":"en-GB","@id":"https:\/\/secure.gravatar.com\/avatar\/77cfdfb80ebea6d19deee660621b9b34dc8938e750e52d382160034464c651a0?s=96&d=mm&r=g","url":"https:\/\/secure.gravatar.com\/avatar\/77cfdfb80ebea6d19deee660621b9b34dc8938e750e52d382160034464c651a0?s=96&d=mm&r=g","contentUrl":"https:\/\/secure.gravatar.com\/avatar\/77cfdfb80ebea6d19deee660621b9b34dc8938e750e52d382160034464c651a0?s=96&d=mm&r=g","caption":"DANIEL"},"sameAs":["https:\/\/frontonking.com"],"url":"https:\/\/frontonking.com\/en\/author\/admin_frontonking\/"}]}},"_links":{"self":[{"href":"https:\/\/frontonking.com\/en\/wp-json\/wp\/v2\/posts\/5526","targetHints":{"allow":["GET"]}}],"collection":[{"href":"https:\/\/frontonking.com\/en\/wp-json\/wp\/v2\/posts"}],"about":[{"href":"https:\/\/frontonking.com\/en\/wp-json\/wp\/v2\/types\/post"}],"author":[{"embeddable":true,"href":"https:\/\/frontonking.com\/en\/wp-json\/wp\/v2\/users\/1"}],"replies":[{"embeddable":true,"href":"https:\/\/frontonking.com\/en\/wp-json\/wp\/v2\/comments?post=5526"}],"version-history":[{"count":1,"href":"https:\/\/frontonking.com\/en\/wp-json\/wp\/v2\/posts\/5526\/revisions"}],"predecessor-version":[{"id":9709,"href":"https:\/\/frontonking.com\/en\/wp-json\/wp\/v2\/posts\/5526\/revisions\/9709"}],"wp:featuredmedia":[{"embeddable":true,"href":"https:\/\/frontonking.com\/en\/wp-json\/wp\/v2\/media\/5530"}],"wp:attachment":[{"href":"https:\/\/frontonking.com\/en\/wp-json\/wp\/v2\/media?parent=5526"}],"wp:term":[{"taxonomy":"category","embeddable":true,"href":"https:\/\/frontonking.com\/en\/wp-json\/wp\/v2\/categories?post=5526"},{"taxonomy":"post_tag","embeddable":true,"href":"https:\/\/frontonking.com\/en\/wp-json\/wp\/v2\/tags?post=5526"}],"curies":[{"name":"wp","href":"https:\/\/api.w.org\/{rel}","templated":true}]}}