{"id":5710,"date":"2018-10-21T17:54:08","date_gmt":"2018-10-21T17:54:08","guid":{"rendered":"http:\/\/frontonking.com\/?p=5710"},"modified":"2024-10-08T19:55:06","modified_gmt":"2024-10-08T18:55:06","slug":"gran-canaria-fronton-king-2018-pro-confirmado-2-2-2-2-2","status":"publish","type":"post","link":"https:\/\/frontonking.com\/en\/gran-canaria-fronton-king-2018-pro-confirmado-2-2-2-2-2\/","title":{"rendered":"[:es]Otro gran d\u00eda de competici\u00f3n en Galdar, Gran Canaria[:en]An other incredible day of competition in Galdar, Gran Canaria.[:]"},"content":{"rendered":"<p>[:es]<\/p>\n<p>Un nuevo maravilloso d\u00eda de competici\u00f3n en El Front\u00f3n donde se celebraron las rondas 2 y 3 con olas de hasta 6 metros y con una gran nivel competitivo donde ya se han empezado a eliminar competidores tanto locales como internacionales.<br \/>Riders locales como Jonathan Vega, Dailos Rodriguez, Alejandro Barbosa e internacionales tales como Amaury Lavernhe, Andr\u00e9 Botha y Guilerme Tamega siguen destacando las listas de clasificaci\u00f3n y dando mucho espect\u00e1culo.<\/p>\n<p>Ma\u00f1ana no pierdan la oportunidad de vivir este maravilloso campeonato en directo en la olas del Fronton, a escasos 500 metros de la playa de El Agujero en el fant\u00e1stico municipio de Galdar, y si no pueden venir siempre podr\u00e1n disfrutar de la retransmisi\u00f3n en directo a trav\u00e9s de streming por:<br \/>nuestra web:\u00a0http:\/\/frontonking.com\/es\/live\/ \u00a0<br \/>tambi\u00e9n a trav\u00e9s de nuestra APP Frontonking<br \/>canal de youtube:\u00a0https:\/\/www.youtube.com\/user\/frontonking\/live<\/p>\n<p>Los resultados de la ronda 2 \u00a0y 3 de hoy<\/p>\n<p><img fetchpriority=\"high\" decoding=\"async\" class=\"aligncenter size-large wp-image-5712\" src=\"http:\/\/frontonking.com\/wp-content\/uploads\/2018\/10\/Captura-de-pantalla-2018-10-21-a-las-18.47.48-1024x518.png\" alt=\"\" width=\"1024\" height=\"518\" srcset=\"https:\/\/frontonking.com\/wp-content\/uploads\/2018\/10\/Captura-de-pantalla-2018-10-21-a-las-18.47.48-1024x518.png 1024w, https:\/\/frontonking.com\/wp-content\/uploads\/2018\/10\/Captura-de-pantalla-2018-10-21-a-las-18.47.48-600x303.png 600w, https:\/\/frontonking.com\/wp-content\/uploads\/2018\/10\/Captura-de-pantalla-2018-10-21-a-las-18.47.48-300x152.png 300w, https:\/\/frontonking.com\/wp-content\/uploads\/2018\/10\/Captura-de-pantalla-2018-10-21-a-las-18.47.48-768x388.png 768w, https:\/\/frontonking.com\/wp-content\/uploads\/2018\/10\/Captura-de-pantalla-2018-10-21-a-las-18.47.48-1088x550.png 1088w, https:\/\/frontonking.com\/wp-content\/uploads\/2018\/10\/Captura-de-pantalla-2018-10-21-a-las-18.47.48.png 1598w\" sizes=\"(max-width: 1024px) 100vw, 1024px\" \/><img decoding=\"async\" class=\"aligncenter size-large wp-image-5711\" src=\"http:\/\/frontonking.com\/wp-content\/uploads\/2018\/10\/Captura-de-pantalla-2018-10-21-a-las-18.04.58-1024x848.png\" alt=\"\" width=\"1024\" height=\"848\" srcset=\"https:\/\/frontonking.com\/wp-content\/uploads\/2018\/10\/Captura-de-pantalla-2018-10-21-a-las-18.04.58-1024x848.png 1024w, https:\/\/frontonking.com\/wp-content\/uploads\/2018\/10\/Captura-de-pantalla-2018-10-21-a-las-18.04.58-600x497.png 600w, https:\/\/frontonking.com\/wp-content\/uploads\/2018\/10\/Captura-de-pantalla-2018-10-21-a-las-18.04.58-300x248.png 300w, https:\/\/frontonking.com\/wp-content\/uploads\/2018\/10\/Captura-de-pantalla-2018-10-21-a-las-18.04.58-768x636.png 768w, https:\/\/frontonking.com\/wp-content\/uploads\/2018\/10\/Captura-de-pantalla-2018-10-21-a-las-18.04.58-664x550.png 664w, https:\/\/frontonking.com\/wp-content\/uploads\/2018\/10\/Captura-de-pantalla-2018-10-21-a-las-18.04.58-664x550@2x.png 1328w, https:\/\/frontonking.com\/wp-content\/uploads\/2018\/10\/Captura-de-pantalla-2018-10-21-a-las-18.04.58-60x50.png 60w, https:\/\/frontonking.com\/wp-content\/uploads\/2018\/10\/Captura-de-pantalla-2018-10-21-a-las-18.04.58-60x50@2x.png 120w, https:\/\/frontonking.com\/wp-content\/uploads\/2018\/10\/Captura-de-pantalla-2018-10-21-a-las-18.04.58.png 1594w\" sizes=\"(max-width: 1024px) 100vw, 1024px\" \/><\/p>\n<p>[:en]A wonderful new day of competition in El Front\u00f3n where rounds 2 and 3 were held with waves of up to 6 meters and with a great competitive level where they have already begun to eliminate both local and international competitors.<br \/>Local riders like Jonathan Vega, Dailos Rodriguez, Alejandro Barbosa and internationals such as Amaury Lavernhe, Andr\u00e9 Botha and Guilerme Tamega continue to highlight the ranking lists and give a lot of spectacle.<br \/>Tomorrow do not miss the opportunity to live this wonderful championship live in the waves of Fronton, just 500 meters from the beach of El Agujero in the fantastic municipality of Galdar, and if you can not come you can always enjoy the live broadcast through of streming by:<br \/>our website: http:\/\/frontonking.com\/en\/live\/<br \/>also through our Frontonking APP<br \/>Youtube channel: https:\/\/www.youtube.com\/user\/frontonking\/live<\/p>\n<p>The results of Round 2 and 3 from today:<\/p>\n<p><img fetchpriority=\"high\" decoding=\"async\" class=\"aligncenter size-large wp-image-5712\" src=\"http:\/\/frontonking.com\/wp-content\/uploads\/2018\/10\/Captura-de-pantalla-2018-10-21-a-las-18.47.48-1024x518.png\" alt=\"\" width=\"1024\" height=\"518\" srcset=\"https:\/\/frontonking.com\/wp-content\/uploads\/2018\/10\/Captura-de-pantalla-2018-10-21-a-las-18.47.48-1024x518.png 1024w, https:\/\/frontonking.com\/wp-content\/uploads\/2018\/10\/Captura-de-pantalla-2018-10-21-a-las-18.47.48-600x303.png 600w, https:\/\/frontonking.com\/wp-content\/uploads\/2018\/10\/Captura-de-pantalla-2018-10-21-a-las-18.47.48-300x152.png 300w, https:\/\/frontonking.com\/wp-content\/uploads\/2018\/10\/Captura-de-pantalla-2018-10-21-a-las-18.47.48-768x388.png 768w, https:\/\/frontonking.com\/wp-content\/uploads\/2018\/10\/Captura-de-pantalla-2018-10-21-a-las-18.47.48-1088x550.png 1088w, https:\/\/frontonking.com\/wp-content\/uploads\/2018\/10\/Captura-de-pantalla-2018-10-21-a-las-18.47.48.png 1598w\" sizes=\"(max-width: 1024px) 100vw, 1024px\" \/><img decoding=\"async\" class=\"aligncenter size-large wp-image-5711\" src=\"http:\/\/frontonking.com\/wp-content\/uploads\/2018\/10\/Captura-de-pantalla-2018-10-21-a-las-18.04.58-1024x848.png\" alt=\"\" width=\"1024\" height=\"848\" srcset=\"https:\/\/frontonking.com\/wp-content\/uploads\/2018\/10\/Captura-de-pantalla-2018-10-21-a-las-18.04.58-1024x848.png 1024w, https:\/\/frontonking.com\/wp-content\/uploads\/2018\/10\/Captura-de-pantalla-2018-10-21-a-las-18.04.58-600x497.png 600w, https:\/\/frontonking.com\/wp-content\/uploads\/2018\/10\/Captura-de-pantalla-2018-10-21-a-las-18.04.58-300x248.png 300w, https:\/\/frontonking.com\/wp-content\/uploads\/2018\/10\/Captura-de-pantalla-2018-10-21-a-las-18.04.58-768x636.png 768w, https:\/\/frontonking.com\/wp-content\/uploads\/2018\/10\/Captura-de-pantalla-2018-10-21-a-las-18.04.58-664x550.png 664w, https:\/\/frontonking.com\/wp-content\/uploads\/2018\/10\/Captura-de-pantalla-2018-10-21-a-las-18.04.58-664x550@2x.png 1328w, https:\/\/frontonking.com\/wp-content\/uploads\/2018\/10\/Captura-de-pantalla-2018-10-21-a-las-18.04.58-60x50.png 60w, https:\/\/frontonking.com\/wp-content\/uploads\/2018\/10\/Captura-de-pantalla-2018-10-21-a-las-18.04.58-60x50@2x.png 120w, https:\/\/frontonking.com\/wp-content\/uploads\/2018\/10\/Captura-de-pantalla-2018-10-21-a-las-18.04.58.png 1594w\" sizes=\"(max-width: 1024px) 100vw, 1024px\" \/>[:]<\/p>\n","protected":false},"excerpt":{"rendered":"<p>[:es] Un nuevo maravilloso d\u00eda de competici\u00f3n en El Front\u00f3n donde se celebraron las rondas 2 y 3 con olas de hasta 6 metros y con una gran nivel competitivo donde ya se han empezado a eliminar competidores tanto locales como internacionales.Riders locales como Jonathan Vega, Dailos Rodriguez, Alejandro Barbosa e internacionales tales como Amaury [&hellip;]<\/p>\n","protected":false},"author":1,"featured_media":5713,"comment_status":"closed","ping_status":"open","sticky":false,"template":"","format":"standard","meta":{"footnotes":""},"categories":[181,1],"tags":[188,189,186,184,185,187],"class_list":["post-5710","post","type-post","status-publish","format-standard","has-post-thumbnail","hentry","category-novedades","category-sin-categoria","tag-bodyboard","tag-bodyboarding","tag-fronton","tag-fronton-king-2018","tag-gran-canaria","tag-wave"],"yoast_head":"<!-- This site is optimized with the Yoast SEO plugin v27.5 - https:\/\/yoast.com\/product\/yoast-seo-wordpress\/ -->\n<title>[:es]Otro gran d\u00eda de competici\u00f3n en Galdar, Gran Canaria[:en]An other incredible day of competition in Galdar, Gran Canaria.[:] - Gran Canaria Fronton King<\/title>\n<meta name=\"robots\" content=\"index, follow, max-snippet:-1, max-image-preview:large, max-video-preview:-1\" \/>\n<link rel=\"canonical\" href=\"https:\/\/frontonking.com\/en\/gran-canaria-fronton-king-2018-pro-confirmado-2-2-2-2-2\/\" \/>\n<meta property=\"og:locale\" content=\"en_GB\" \/>\n<meta property=\"og:type\" content=\"article\" \/>\n<meta property=\"og:title\" content=\"[:es]Otro gran d\u00eda de competici\u00f3n en Galdar, Gran Canaria[:en]An other incredible day of competition in Galdar, Gran Canaria.[:] - Gran Canaria Fronton King\" \/>\n<meta property=\"og:description\" content=\"[:es] Un nuevo maravilloso d\u00eda de competici\u00f3n en El Front\u00f3n donde se celebraron las rondas 2 y 3 con olas de hasta 6 metros y con una gran nivel competitivo donde ya se han empezado a eliminar competidores tanto locales como internacionales.Riders locales como Jonathan Vega, Dailos Rodriguez, Alejandro Barbosa e internacionales tales como Amaury [&hellip;]\" \/>\n<meta property=\"og:url\" content=\"https:\/\/frontonking.com\/en\/gran-canaria-fronton-king-2018-pro-confirmado-2-2-2-2-2\/\" \/>\n<meta property=\"og:site_name\" content=\"Gran Canaria Fronton King\" \/>\n<meta property=\"article:published_time\" content=\"2018-10-21T17:54:08+00:00\" \/>\n<meta property=\"article:modified_time\" content=\"2024-10-08T18:55:06+00:00\" \/>\n<meta property=\"og:image\" content=\"https:\/\/frontonking.com\/wp-content\/uploads\/2018\/10\/D16A9899-1024x682.jpg\" \/>\n\t<meta property=\"og:image:width\" content=\"1024\" \/>\n\t<meta property=\"og:image:height\" content=\"682\" \/>\n\t<meta property=\"og:image:type\" content=\"image\/jpeg\" \/>\n<meta name=\"author\" content=\"DANIEL\" \/>\n<meta name=\"twitter:card\" content=\"summary_large_image\" \/>\n<meta name=\"twitter:label1\" content=\"Written by\" \/>\n\t<meta name=\"twitter:data1\" content=\"DANIEL\" \/>\n\t<meta name=\"twitter:label2\" content=\"Estimated reading time\" \/>\n\t<meta name=\"twitter:data2\" content=\"2 minutes\" \/>\n<script type=\"application\/ld+json\" class=\"yoast-schema-graph\">{\"@context\":\"https:\\\/\\\/schema.org\",\"@graph\":[{\"@type\":\"Article\",\"@id\":\"https:\\\/\\\/frontonking.com\\\/gran-canaria-fronton-king-2018-pro-confirmado-2-2-2-2-2\\\/#article\",\"isPartOf\":{\"@id\":\"https:\\\/\\\/frontonking.com\\\/gran-canaria-fronton-king-2018-pro-confirmado-2-2-2-2-2\\\/\"},\"author\":{\"name\":\"DANIEL\",\"@id\":\"https:\\\/\\\/frontonking.com\\\/#\\\/schema\\\/person\\\/daecc8af58b09f31391037619e891a0e\"},\"headline\":\"[:es]Otro gran d\u00eda de competici\u00f3n en Galdar, Gran Canaria[:en]An other incredible day of competition in Galdar, Gran Canaria.[:]\",\"datePublished\":\"2018-10-21T17:54:08+00:00\",\"dateModified\":\"2024-10-08T18:55:06+00:00\",\"mainEntityOfPage\":{\"@id\":\"https:\\\/\\\/frontonking.com\\\/gran-canaria-fronton-king-2018-pro-confirmado-2-2-2-2-2\\\/\"},\"wordCount\":332,\"publisher\":{\"@id\":\"https:\\\/\\\/frontonking.com\\\/#organization\"},\"image\":{\"@id\":\"https:\\\/\\\/frontonking.com\\\/gran-canaria-fronton-king-2018-pro-confirmado-2-2-2-2-2\\\/#primaryimage\"},\"thumbnailUrl\":\"https:\\\/\\\/frontonking.com\\\/wp-content\\\/uploads\\\/2018\\\/10\\\/D16A9899.jpg\",\"keywords\":[\"bodyboard\",\"bodyboarding\",\"fronton\",\"fronton king 2018\",\"gran canaria\",\"wave\"],\"articleSection\":[\"Novedades\",\"Sin categor\u00eda\"],\"inLanguage\":\"en-GB\"},{\"@type\":\"WebPage\",\"@id\":\"https:\\\/\\\/frontonking.com\\\/gran-canaria-fronton-king-2018-pro-confirmado-2-2-2-2-2\\\/\",\"url\":\"https:\\\/\\\/frontonking.com\\\/gran-canaria-fronton-king-2018-pro-confirmado-2-2-2-2-2\\\/\",\"name\":\"[:es]Otro gran d\u00eda de competici\u00f3n en Galdar, Gran Canaria[:en]An other incredible day of competition in Galdar, Gran Canaria.[:] - Gran Canaria Fronton King\",\"isPartOf\":{\"@id\":\"https:\\\/\\\/frontonking.com\\\/#website\"},\"primaryImageOfPage\":{\"@id\":\"https:\\\/\\\/frontonking.com\\\/gran-canaria-fronton-king-2018-pro-confirmado-2-2-2-2-2\\\/#primaryimage\"},\"image\":{\"@id\":\"https:\\\/\\\/frontonking.com\\\/gran-canaria-fronton-king-2018-pro-confirmado-2-2-2-2-2\\\/#primaryimage\"},\"thumbnailUrl\":\"https:\\\/\\\/frontonking.com\\\/wp-content\\\/uploads\\\/2018\\\/10\\\/D16A9899.jpg\",\"datePublished\":\"2018-10-21T17:54:08+00:00\",\"dateModified\":\"2024-10-08T18:55:06+00:00\",\"breadcrumb\":{\"@id\":\"https:\\\/\\\/frontonking.com\\\/gran-canaria-fronton-king-2018-pro-confirmado-2-2-2-2-2\\\/#breadcrumb\"},\"inLanguage\":\"en-GB\",\"potentialAction\":[{\"@type\":\"ReadAction\",\"target\":[\"https:\\\/\\\/frontonking.com\\\/gran-canaria-fronton-king-2018-pro-confirmado-2-2-2-2-2\\\/\"]}]},{\"@type\":\"ImageObject\",\"inLanguage\":\"en-GB\",\"@id\":\"https:\\\/\\\/frontonking.com\\\/gran-canaria-fronton-king-2018-pro-confirmado-2-2-2-2-2\\\/#primaryimage\",\"url\":\"https:\\\/\\\/frontonking.com\\\/wp-content\\\/uploads\\\/2018\\\/10\\\/D16A9899.jpg\",\"contentUrl\":\"https:\\\/\\\/frontonking.com\\\/wp-content\\\/uploads\\\/2018\\\/10\\\/D16A9899.jpg\",\"width\":2000,\"height\":1333},{\"@type\":\"BreadcrumbList\",\"@id\":\"https:\\\/\\\/frontonking.com\\\/gran-canaria-fronton-king-2018-pro-confirmado-2-2-2-2-2\\\/#breadcrumb\",\"itemListElement\":[{\"@type\":\"ListItem\",\"position\":1,\"name\":\"Portada\",\"item\":\"https:\\\/\\\/frontonking.com\\\/\"},{\"@type\":\"ListItem\",\"position\":2,\"name\":\"[:es]Otro gran d\u00eda de competici\u00f3n en Galdar, Gran Canaria[:en]An other incredible day of competition in Galdar, Gran Canaria.[:]\"}]},{\"@type\":\"WebSite\",\"@id\":\"https:\\\/\\\/frontonking.com\\\/#website\",\"url\":\"https:\\\/\\\/frontonking.com\\\/\",\"name\":\"Gran Canaria Fronton King\",\"description\":\"The Gran Canaria Fronton King Pro is the best bodyboarding competition in the world\",\"publisher\":{\"@id\":\"https:\\\/\\\/frontonking.com\\\/#organization\"},\"potentialAction\":[{\"@type\":\"SearchAction\",\"target\":{\"@type\":\"EntryPoint\",\"urlTemplate\":\"https:\\\/\\\/frontonking.com\\\/?s={search_term_string}\"},\"query-input\":{\"@type\":\"PropertyValueSpecification\",\"valueRequired\":true,\"valueName\":\"search_term_string\"}}],\"inLanguage\":\"en-GB\"},{\"@type\":\"Organization\",\"@id\":\"https:\\\/\\\/frontonking.com\\\/#organization\",\"name\":\"Gran Canaria Fronton King\",\"url\":\"https:\\\/\\\/frontonking.com\\\/\",\"logo\":{\"@type\":\"ImageObject\",\"inLanguage\":\"en-GB\",\"@id\":\"https:\\\/\\\/frontonking.com\\\/#\\\/schema\\\/logo\\\/image\\\/\",\"url\":\"https:\\\/\\\/frontonking.com\\\/wp-content\\\/uploads\\\/2025\\\/08\\\/cropped-LOGO25_300px.png\",\"contentUrl\":\"https:\\\/\\\/frontonking.com\\\/wp-content\\\/uploads\\\/2025\\\/08\\\/cropped-LOGO25_300px.png\",\"width\":300,\"height\":227,\"caption\":\"Gran Canaria Fronton King\"},\"image\":{\"@id\":\"https:\\\/\\\/frontonking.com\\\/#\\\/schema\\\/logo\\\/image\\\/\"}},{\"@type\":\"Person\",\"@id\":\"https:\\\/\\\/frontonking.com\\\/#\\\/schema\\\/person\\\/daecc8af58b09f31391037619e891a0e\",\"name\":\"DANIEL\",\"image\":{\"@type\":\"ImageObject\",\"inLanguage\":\"en-GB\",\"@id\":\"https:\\\/\\\/secure.gravatar.com\\\/avatar\\\/77cfdfb80ebea6d19deee660621b9b34dc8938e750e52d382160034464c651a0?s=96&d=mm&r=g\",\"url\":\"https:\\\/\\\/secure.gravatar.com\\\/avatar\\\/77cfdfb80ebea6d19deee660621b9b34dc8938e750e52d382160034464c651a0?s=96&d=mm&r=g\",\"contentUrl\":\"https:\\\/\\\/secure.gravatar.com\\\/avatar\\\/77cfdfb80ebea6d19deee660621b9b34dc8938e750e52d382160034464c651a0?s=96&d=mm&r=g\",\"caption\":\"DANIEL\"},\"sameAs\":[\"https:\\\/\\\/frontonking.com\"],\"url\":\"https:\\\/\\\/frontonking.com\\\/en\\\/author\\\/admin_frontonking\\\/\"}]}<\/script>\n<!-- \/ Yoast SEO plugin. -->","yoast_head_json":{"title":"[:es]Otro gran d\u00eda de competici\u00f3n en Galdar, Gran Canaria[:en]An other incredible day of competition in Galdar, Gran Canaria.[:] - Gran Canaria Fronton King","robots":{"index":"index","follow":"follow","max-snippet":"max-snippet:-1","max-image-preview":"max-image-preview:large","max-video-preview":"max-video-preview:-1"},"canonical":"https:\/\/frontonking.com\/en\/gran-canaria-fronton-king-2018-pro-confirmado-2-2-2-2-2\/","og_locale":"en_GB","og_type":"article","og_title":"[:es]Otro gran d\u00eda de competici\u00f3n en Galdar, Gran Canaria[:en]An other incredible day of competition in Galdar, Gran Canaria.[:] - Gran Canaria Fronton King","og_description":"[:es] Un nuevo maravilloso d\u00eda de competici\u00f3n en El Front\u00f3n donde se celebraron las rondas 2 y 3 con olas de hasta 6 metros y con una gran nivel competitivo donde ya se han empezado a eliminar competidores tanto locales como internacionales.Riders locales como Jonathan Vega, Dailos Rodriguez, Alejandro Barbosa e internacionales tales como Amaury [&hellip;]","og_url":"https:\/\/frontonking.com\/en\/gran-canaria-fronton-king-2018-pro-confirmado-2-2-2-2-2\/","og_site_name":"Gran Canaria Fronton King","article_published_time":"2018-10-21T17:54:08+00:00","article_modified_time":"2024-10-08T18:55:06+00:00","og_image":[{"width":1024,"height":682,"url":"https:\/\/frontonking.com\/wp-content\/uploads\/2018\/10\/D16A9899-1024x682.jpg","type":"image\/jpeg"}],"author":"DANIEL","twitter_card":"summary_large_image","twitter_misc":{"Written by":"DANIEL","Estimated reading time":"2 minutes"},"schema":{"@context":"https:\/\/schema.org","@graph":[{"@type":"Article","@id":"https:\/\/frontonking.com\/gran-canaria-fronton-king-2018-pro-confirmado-2-2-2-2-2\/#article","isPartOf":{"@id":"https:\/\/frontonking.com\/gran-canaria-fronton-king-2018-pro-confirmado-2-2-2-2-2\/"},"author":{"name":"DANIEL","@id":"https:\/\/frontonking.com\/#\/schema\/person\/daecc8af58b09f31391037619e891a0e"},"headline":"[:es]Otro gran d\u00eda de competici\u00f3n en Galdar, Gran Canaria[:en]An other incredible day of competition in Galdar, Gran Canaria.[:]","datePublished":"2018-10-21T17:54:08+00:00","dateModified":"2024-10-08T18:55:06+00:00","mainEntityOfPage":{"@id":"https:\/\/frontonking.com\/gran-canaria-fronton-king-2018-pro-confirmado-2-2-2-2-2\/"},"wordCount":332,"publisher":{"@id":"https:\/\/frontonking.com\/#organization"},"image":{"@id":"https:\/\/frontonking.com\/gran-canaria-fronton-king-2018-pro-confirmado-2-2-2-2-2\/#primaryimage"},"thumbnailUrl":"https:\/\/frontonking.com\/wp-content\/uploads\/2018\/10\/D16A9899.jpg","keywords":["bodyboard","bodyboarding","fronton","fronton king 2018","gran canaria","wave"],"articleSection":["Novedades","Sin categor\u00eda"],"inLanguage":"en-GB"},{"@type":"WebPage","@id":"https:\/\/frontonking.com\/gran-canaria-fronton-king-2018-pro-confirmado-2-2-2-2-2\/","url":"https:\/\/frontonking.com\/gran-canaria-fronton-king-2018-pro-confirmado-2-2-2-2-2\/","name":"[:es]Otro gran d\u00eda de competici\u00f3n en Galdar, Gran Canaria[:en]An other incredible day of competition in Galdar, Gran Canaria.[:] - Gran Canaria Fronton King","isPartOf":{"@id":"https:\/\/frontonking.com\/#website"},"primaryImageOfPage":{"@id":"https:\/\/frontonking.com\/gran-canaria-fronton-king-2018-pro-confirmado-2-2-2-2-2\/#primaryimage"},"image":{"@id":"https:\/\/frontonking.com\/gran-canaria-fronton-king-2018-pro-confirmado-2-2-2-2-2\/#primaryimage"},"thumbnailUrl":"https:\/\/frontonking.com\/wp-content\/uploads\/2018\/10\/D16A9899.jpg","datePublished":"2018-10-21T17:54:08+00:00","dateModified":"2024-10-08T18:55:06+00:00","breadcrumb":{"@id":"https:\/\/frontonking.com\/gran-canaria-fronton-king-2018-pro-confirmado-2-2-2-2-2\/#breadcrumb"},"inLanguage":"en-GB","potentialAction":[{"@type":"ReadAction","target":["https:\/\/frontonking.com\/gran-canaria-fronton-king-2018-pro-confirmado-2-2-2-2-2\/"]}]},{"@type":"ImageObject","inLanguage":"en-GB","@id":"https:\/\/frontonking.com\/gran-canaria-fronton-king-2018-pro-confirmado-2-2-2-2-2\/#primaryimage","url":"https:\/\/frontonking.com\/wp-content\/uploads\/2018\/10\/D16A9899.jpg","contentUrl":"https:\/\/frontonking.com\/wp-content\/uploads\/2018\/10\/D16A9899.jpg","width":2000,"height":1333},{"@type":"BreadcrumbList","@id":"https:\/\/frontonking.com\/gran-canaria-fronton-king-2018-pro-confirmado-2-2-2-2-2\/#breadcrumb","itemListElement":[{"@type":"ListItem","position":1,"name":"Portada","item":"https:\/\/frontonking.com\/"},{"@type":"ListItem","position":2,"name":"[:es]Otro gran d\u00eda de competici\u00f3n en Galdar, Gran Canaria[:en]An other incredible day of competition in Galdar, Gran Canaria.[:]"}]},{"@type":"WebSite","@id":"https:\/\/frontonking.com\/#website","url":"https:\/\/frontonking.com\/","name":"Gran Canaria Fronton King","description":"The Gran Canaria Fronton King Pro is the best bodyboarding competition in the world","publisher":{"@id":"https:\/\/frontonking.com\/#organization"},"potentialAction":[{"@type":"SearchAction","target":{"@type":"EntryPoint","urlTemplate":"https:\/\/frontonking.com\/?s={search_term_string}"},"query-input":{"@type":"PropertyValueSpecification","valueRequired":true,"valueName":"search_term_string"}}],"inLanguage":"en-GB"},{"@type":"Organization","@id":"https:\/\/frontonking.com\/#organization","name":"Gran Canaria Fronton King","url":"https:\/\/frontonking.com\/","logo":{"@type":"ImageObject","inLanguage":"en-GB","@id":"https:\/\/frontonking.com\/#\/schema\/logo\/image\/","url":"https:\/\/frontonking.com\/wp-content\/uploads\/2025\/08\/cropped-LOGO25_300px.png","contentUrl":"https:\/\/frontonking.com\/wp-content\/uploads\/2025\/08\/cropped-LOGO25_300px.png","width":300,"height":227,"caption":"Gran Canaria Fronton King"},"image":{"@id":"https:\/\/frontonking.com\/#\/schema\/logo\/image\/"}},{"@type":"Person","@id":"https:\/\/frontonking.com\/#\/schema\/person\/daecc8af58b09f31391037619e891a0e","name":"DANIEL","image":{"@type":"ImageObject","inLanguage":"en-GB","@id":"https:\/\/secure.gravatar.com\/avatar\/77cfdfb80ebea6d19deee660621b9b34dc8938e750e52d382160034464c651a0?s=96&d=mm&r=g","url":"https:\/\/secure.gravatar.com\/avatar\/77cfdfb80ebea6d19deee660621b9b34dc8938e750e52d382160034464c651a0?s=96&d=mm&r=g","contentUrl":"https:\/\/secure.gravatar.com\/avatar\/77cfdfb80ebea6d19deee660621b9b34dc8938e750e52d382160034464c651a0?s=96&d=mm&r=g","caption":"DANIEL"},"sameAs":["https:\/\/frontonking.com"],"url":"https:\/\/frontonking.com\/en\/author\/admin_frontonking\/"}]}},"_links":{"self":[{"href":"https:\/\/frontonking.com\/en\/wp-json\/wp\/v2\/posts\/5710","targetHints":{"allow":["GET"]}}],"collection":[{"href":"https:\/\/frontonking.com\/en\/wp-json\/wp\/v2\/posts"}],"about":[{"href":"https:\/\/frontonking.com\/en\/wp-json\/wp\/v2\/types\/post"}],"author":[{"embeddable":true,"href":"https:\/\/frontonking.com\/en\/wp-json\/wp\/v2\/users\/1"}],"replies":[{"embeddable":true,"href":"https:\/\/frontonking.com\/en\/wp-json\/wp\/v2\/comments?post=5710"}],"version-history":[{"count":1,"href":"https:\/\/frontonking.com\/en\/wp-json\/wp\/v2\/posts\/5710\/revisions"}],"predecessor-version":[{"id":9706,"href":"https:\/\/frontonking.com\/en\/wp-json\/wp\/v2\/posts\/5710\/revisions\/9706"}],"wp:featuredmedia":[{"embeddable":true,"href":"https:\/\/frontonking.com\/en\/wp-json\/wp\/v2\/media\/5713"}],"wp:attachment":[{"href":"https:\/\/frontonking.com\/en\/wp-json\/wp\/v2\/media?parent=5710"}],"wp:term":[{"taxonomy":"category","embeddable":true,"href":"https:\/\/frontonking.com\/en\/wp-json\/wp\/v2\/categories?post=5710"},{"taxonomy":"post_tag","embeddable":true,"href":"https:\/\/frontonking.com\/en\/wp-json\/wp\/v2\/tags?post=5710"}],"curies":[{"name":"wp","href":"https:\/\/api.w.org\/{rel}","templated":true}]}}