{"id":5735,"date":"2018-10-28T22:13:21","date_gmt":"2018-10-28T22:13:21","guid":{"rendered":"http:\/\/frontonking.com\/?p=5735"},"modified":"2024-10-08T19:55:06","modified_gmt":"2024-10-08T18:55:06","slug":"gran-canaria-fronton-king-2018-pro-confirmado-2-2-2-2-2-2-2-2","status":"publish","type":"post","link":"https:\/\/frontonking.com\/en\/gran-canaria-fronton-king-2018-pro-confirmado-2-2-2-2-2-2-2-2\/","title":{"rendered":"[:es]Gran Canaria corona a los nuevos campeones del mundo[:en]Gran Canaria has crowned the new world champions[:]"},"content":{"rendered":"<p>[:es]<\/p>\n<p>Despu\u00e9s de un d\u00eda incre\u00edble en Galdar, Gran Canaria, hemos coronado a nuevos campeones mundiales del Gran Canaria Fronton King Amaury Laverne y Fronton Queen Teresa Padilla.\u00a0<br \/><img fetchpriority=\"high\" decoding=\"async\" class=\"aligncenter size-large wp-image-5738\" src=\"http:\/\/frontonking.com\/wp-content\/uploads\/2018\/10\/MG_8693-1024x682.jpg\" alt=\"\" width=\"1024\" height=\"682\" srcset=\"https:\/\/frontonking.com\/wp-content\/uploads\/2018\/10\/MG_8693-1024x682.jpg 1024w, https:\/\/frontonking.com\/wp-content\/uploads\/2018\/10\/MG_8693-600x400.jpg 600w, https:\/\/frontonking.com\/wp-content\/uploads\/2018\/10\/MG_8693-300x200.jpg 300w, https:\/\/frontonking.com\/wp-content\/uploads\/2018\/10\/MG_8693-768x512.jpg 768w, https:\/\/frontonking.com\/wp-content\/uploads\/2018\/10\/MG_8693-825x550.jpg 825w, https:\/\/frontonking.com\/wp-content\/uploads\/2018\/10\/MG_8693-825x550@2x.jpg 1650w, https:\/\/frontonking.com\/wp-content\/uploads\/2018\/10\/MG_8693.jpg 2000w\" sizes=\"(max-width: 1024px) 100vw, 1024px\" \/><br \/>Fue un d\u00eda intenso con calores realmente apretados, pero todos est\u00e1bamos esperando la gran final, Teresa Padilla y Alexandra Rider en mujeres y en hombres con Amaury Lavernhe y el jinete local Jonathan Vega.<br \/><img decoding=\"async\" class=\"aligncenter size-large wp-image-5737\" src=\"http:\/\/frontonking.com\/wp-content\/uploads\/2018\/10\/MG_8059-1024x682.jpg\" alt=\"\" width=\"1024\" height=\"682\" srcset=\"https:\/\/frontonking.com\/wp-content\/uploads\/2018\/10\/MG_8059-1024x682.jpg 1024w, https:\/\/frontonking.com\/wp-content\/uploads\/2018\/10\/MG_8059-600x400.jpg 600w, https:\/\/frontonking.com\/wp-content\/uploads\/2018\/10\/MG_8059-300x200.jpg 300w, https:\/\/frontonking.com\/wp-content\/uploads\/2018\/10\/MG_8059-768x512.jpg 768w, https:\/\/frontonking.com\/wp-content\/uploads\/2018\/10\/MG_8059-825x550.jpg 825w, https:\/\/frontonking.com\/wp-content\/uploads\/2018\/10\/MG_8059-825x550@2x.jpg 1650w, https:\/\/frontonking.com\/wp-content\/uploads\/2018\/10\/MG_8059.jpg 2000w\" sizes=\"(max-width: 1024px) 100vw, 1024px\" \/><img decoding=\"async\" class=\"aligncenter size-large wp-image-5739\" src=\"http:\/\/frontonking.com\/wp-content\/uploads\/2018\/10\/D16A2314-1024x682.jpg\" alt=\"\" width=\"1024\" height=\"682\" srcset=\"https:\/\/frontonking.com\/wp-content\/uploads\/2018\/10\/D16A2314-1024x682.jpg 1024w, https:\/\/frontonking.com\/wp-content\/uploads\/2018\/10\/D16A2314-600x400.jpg 600w, https:\/\/frontonking.com\/wp-content\/uploads\/2018\/10\/D16A2314-300x200.jpg 300w, https:\/\/frontonking.com\/wp-content\/uploads\/2018\/10\/D16A2314-768x512.jpg 768w, https:\/\/frontonking.com\/wp-content\/uploads\/2018\/10\/D16A2314-825x550.jpg 825w, https:\/\/frontonking.com\/wp-content\/uploads\/2018\/10\/D16A2314-825x550@2x.jpg 1650w, https:\/\/frontonking.com\/wp-content\/uploads\/2018\/10\/D16A2314.jpg 2000w\" sizes=\"(max-width: 1024px) 100vw, 1024px\" \/><br \/>Desde la organizaci\u00f3n queremos agradecer todos los apoyos recibidos y a todo el p\u00fablico que nos ha seguido en el campeonato como en directo a traves de internet. Tambi\u00e9n agradecer a todos nuestros patrocinadores y colaboradores, sin todos esos apoyos este proyecto no ser\u00eda una realidad.<br \/>\u00a0\u00a1Gracias!<br \/>En este enlace puede encontrar un video de lo que pudimos ver en este \u00faltimo d\u00eda:\u00a0<\/p>\n<p><a href=\"https:\/\/www.facebook.com\/frontonking\/videos\/279765709405689\/\">https:\/\/www.facebook.com\/frontonking\/videos\/279765709405689\/<\/a><\/p>\n<p>[:en]<img decoding=\"async\" class=\"aligncenter size-large wp-image-5737\" src=\"http:\/\/frontonking.com\/wp-content\/uploads\/2018\/10\/MG_8059-1024x682.jpg\" alt=\"\" width=\"1024\" height=\"682\" srcset=\"https:\/\/frontonking.com\/wp-content\/uploads\/2018\/10\/MG_8059-1024x682.jpg 1024w, https:\/\/frontonking.com\/wp-content\/uploads\/2018\/10\/MG_8059-600x400.jpg 600w, https:\/\/frontonking.com\/wp-content\/uploads\/2018\/10\/MG_8059-300x200.jpg 300w, https:\/\/frontonking.com\/wp-content\/uploads\/2018\/10\/MG_8059-768x512.jpg 768w, https:\/\/frontonking.com\/wp-content\/uploads\/2018\/10\/MG_8059-825x550.jpg 825w, https:\/\/frontonking.com\/wp-content\/uploads\/2018\/10\/MG_8059-825x550@2x.jpg 1650w, https:\/\/frontonking.com\/wp-content\/uploads\/2018\/10\/MG_8059.jpg 2000w\" sizes=\"(max-width: 1024px) 100vw, 1024px\" \/><img fetchpriority=\"high\" decoding=\"async\" class=\"aligncenter size-large wp-image-5738\" src=\"http:\/\/frontonking.com\/wp-content\/uploads\/2018\/10\/MG_8693-1024x682.jpg\" alt=\"\" width=\"1024\" height=\"682\" srcset=\"https:\/\/frontonking.com\/wp-content\/uploads\/2018\/10\/MG_8693-1024x682.jpg 1024w, https:\/\/frontonking.com\/wp-content\/uploads\/2018\/10\/MG_8693-600x400.jpg 600w, https:\/\/frontonking.com\/wp-content\/uploads\/2018\/10\/MG_8693-300x200.jpg 300w, https:\/\/frontonking.com\/wp-content\/uploads\/2018\/10\/MG_8693-768x512.jpg 768w, https:\/\/frontonking.com\/wp-content\/uploads\/2018\/10\/MG_8693-825x550.jpg 825w, https:\/\/frontonking.com\/wp-content\/uploads\/2018\/10\/MG_8693-825x550@2x.jpg 1650w, https:\/\/frontonking.com\/wp-content\/uploads\/2018\/10\/MG_8693.jpg 2000w\" sizes=\"(max-width: 1024px) 100vw, 1024px\" \/><img decoding=\"async\" class=\"aligncenter size-large wp-image-5739\" src=\"http:\/\/frontonking.com\/wp-content\/uploads\/2018\/10\/D16A2314-1024x682.jpg\" alt=\"\" width=\"1024\" height=\"682\" srcset=\"https:\/\/frontonking.com\/wp-content\/uploads\/2018\/10\/D16A2314-1024x682.jpg 1024w, https:\/\/frontonking.com\/wp-content\/uploads\/2018\/10\/D16A2314-600x400.jpg 600w, https:\/\/frontonking.com\/wp-content\/uploads\/2018\/10\/D16A2314-300x200.jpg 300w, https:\/\/frontonking.com\/wp-content\/uploads\/2018\/10\/D16A2314-768x512.jpg 768w, https:\/\/frontonking.com\/wp-content\/uploads\/2018\/10\/D16A2314-825x550.jpg 825w, https:\/\/frontonking.com\/wp-content\/uploads\/2018\/10\/D16A2314-825x550@2x.jpg 1650w, https:\/\/frontonking.com\/wp-content\/uploads\/2018\/10\/D16A2314.jpg 2000w\" sizes=\"(max-width: 1024px) 100vw, 1024px\" \/><br \/>After a long incredible day in Galdar, Gran Canaria we have crowned to new world champions of the Gran Canaria \u00a0Fronton King \u00a0Amaury Laverne and Fronton Queen Teresa Padilla. It was an intense day with really tight heats but we all were waiting for the great finals, Teresa Padilla and Alexandra Rider on women and on men with Amaury Lavernhe and \u00a0local rider Jonathan Vega.<br \/>On this link you can find a video of what we could see on this final day:\u00a0<\/p>\n<p>https:\/\/www.facebook.com\/frontonking\/videos\/279765709405689\/<\/p>\n<p>We would like to thanks everyone to support this unique event as well as all our sponsors, this project could not be a reality without you.<br \/>Thanks you!<\/p>\n<p>[:]<\/p>\n","protected":false},"excerpt":{"rendered":"<p>[:es] Despu\u00e9s de un d\u00eda incre\u00edble en Galdar, Gran Canaria, hemos coronado a nuevos campeones mundiales del Gran Canaria Fronton King Amaury Laverne y Fronton Queen Teresa Padilla.\u00a0Fue un d\u00eda intenso con calores realmente apretados, pero todos est\u00e1bamos esperando la gran final, Teresa Padilla y Alexandra Rider en mujeres y en hombres con Amaury Lavernhe [&hellip;]<\/p>\n","protected":false},"author":1,"featured_media":5736,"comment_status":"closed","ping_status":"open","sticky":false,"template":"","format":"standard","meta":{"footnotes":""},"categories":[181,1],"tags":[188,189,186,184,185,187],"class_list":["post-5735","post","type-post","status-publish","format-standard","has-post-thumbnail","hentry","category-novedades","category-sin-categoria","tag-bodyboard","tag-bodyboarding","tag-fronton","tag-fronton-king-2018","tag-gran-canaria","tag-wave"],"yoast_head":"<!-- This site is optimized with the Yoast SEO plugin v27.5 - https:\/\/yoast.com\/product\/yoast-seo-wordpress\/ -->\n<title>[:es]Gran Canaria corona a los nuevos campeones del mundo[:en]Gran Canaria has crowned the new world champions[:] - Gran Canaria Fronton King<\/title>\n<meta name=\"robots\" content=\"index, follow, max-snippet:-1, max-image-preview:large, max-video-preview:-1\" \/>\n<link rel=\"canonical\" href=\"https:\/\/frontonking.com\/en\/gran-canaria-fronton-king-2018-pro-confirmado-2-2-2-2-2-2-2-2\/\" \/>\n<meta property=\"og:locale\" content=\"en_GB\" \/>\n<meta property=\"og:type\" content=\"article\" \/>\n<meta property=\"og:title\" content=\"[:es]Gran Canaria corona a los nuevos campeones del mundo[:en]Gran Canaria has crowned the new world champions[:] - Gran Canaria Fronton King\" \/>\n<meta property=\"og:description\" content=\"[:es] Despu\u00e9s de un d\u00eda incre\u00edble en Galdar, Gran Canaria, hemos coronado a nuevos campeones mundiales del Gran Canaria Fronton King Amaury Laverne y Fronton Queen Teresa Padilla.\u00a0Fue un d\u00eda intenso con calores realmente apretados, pero todos est\u00e1bamos esperando la gran final, Teresa Padilla y Alexandra Rider en mujeres y en hombres con Amaury Lavernhe [&hellip;]\" \/>\n<meta property=\"og:url\" content=\"https:\/\/frontonking.com\/en\/gran-canaria-fronton-king-2018-pro-confirmado-2-2-2-2-2-2-2-2\/\" \/>\n<meta property=\"og:site_name\" content=\"Gran Canaria Fronton King\" \/>\n<meta property=\"article:published_time\" content=\"2018-10-28T22:13:21+00:00\" \/>\n<meta property=\"article:modified_time\" content=\"2024-10-08T18:55:06+00:00\" \/>\n<meta property=\"og:image\" content=\"https:\/\/frontonking.com\/wp-content\/uploads\/2018\/10\/MG_8581.jpg\" \/>\n\t<meta property=\"og:image:width\" content=\"2000\" \/>\n\t<meta property=\"og:image:height\" content=\"1333\" \/>\n\t<meta property=\"og:image:type\" content=\"image\/jpeg\" \/>\n<meta name=\"author\" content=\"DANIEL\" \/>\n<meta name=\"twitter:card\" content=\"summary_large_image\" \/>\n<meta name=\"twitter:label1\" content=\"Written by\" \/>\n\t<meta name=\"twitter:data1\" content=\"DANIEL\" \/>\n\t<meta name=\"twitter:label2\" content=\"Estimated reading time\" \/>\n\t<meta name=\"twitter:data2\" content=\"1 minute\" \/>\n<script type=\"application\/ld+json\" class=\"yoast-schema-graph\">{\"@context\":\"https:\\\/\\\/schema.org\",\"@graph\":[{\"@type\":\"Article\",\"@id\":\"https:\\\/\\\/frontonking.com\\\/en\\\/gran-canaria-fronton-king-2018-pro-confirmado-2-2-2-2-2-2-2-2\\\/#article\",\"isPartOf\":{\"@id\":\"https:\\\/\\\/frontonking.com\\\/en\\\/gran-canaria-fronton-king-2018-pro-confirmado-2-2-2-2-2-2-2-2\\\/\"},\"author\":{\"name\":\"DANIEL\",\"@id\":\"https:\\\/\\\/frontonking.com\\\/#\\\/schema\\\/person\\\/daecc8af58b09f31391037619e891a0e\"},\"headline\":\"[:es]Gran Canaria corona a los nuevos campeones del mundo[:en]Gran Canaria has crowned the new world champions[:]\",\"datePublished\":\"2018-10-28T22:13:21+00:00\",\"dateModified\":\"2024-10-08T18:55:06+00:00\",\"mainEntityOfPage\":{\"@id\":\"https:\\\/\\\/frontonking.com\\\/en\\\/gran-canaria-fronton-king-2018-pro-confirmado-2-2-2-2-2-2-2-2\\\/\"},\"wordCount\":279,\"publisher\":{\"@id\":\"https:\\\/\\\/frontonking.com\\\/#organization\"},\"image\":{\"@id\":\"https:\\\/\\\/frontonking.com\\\/en\\\/gran-canaria-fronton-king-2018-pro-confirmado-2-2-2-2-2-2-2-2\\\/#primaryimage\"},\"thumbnailUrl\":\"https:\\\/\\\/frontonking.com\\\/wp-content\\\/uploads\\\/2018\\\/10\\\/MG_8581.jpg\",\"keywords\":[\"bodyboard\",\"bodyboarding\",\"fronton\",\"fronton king 2018\",\"gran canaria\",\"wave\"],\"articleSection\":[\"Novedades\",\"Sin categor\u00eda\"],\"inLanguage\":\"en-GB\"},{\"@type\":\"WebPage\",\"@id\":\"https:\\\/\\\/frontonking.com\\\/en\\\/gran-canaria-fronton-king-2018-pro-confirmado-2-2-2-2-2-2-2-2\\\/\",\"url\":\"https:\\\/\\\/frontonking.com\\\/en\\\/gran-canaria-fronton-king-2018-pro-confirmado-2-2-2-2-2-2-2-2\\\/\",\"name\":\"[:es]Gran Canaria corona a los nuevos campeones del mundo[:en]Gran Canaria has crowned the new world champions[:] - Gran Canaria Fronton King\",\"isPartOf\":{\"@id\":\"https:\\\/\\\/frontonking.com\\\/#website\"},\"primaryImageOfPage\":{\"@id\":\"https:\\\/\\\/frontonking.com\\\/en\\\/gran-canaria-fronton-king-2018-pro-confirmado-2-2-2-2-2-2-2-2\\\/#primaryimage\"},\"image\":{\"@id\":\"https:\\\/\\\/frontonking.com\\\/en\\\/gran-canaria-fronton-king-2018-pro-confirmado-2-2-2-2-2-2-2-2\\\/#primaryimage\"},\"thumbnailUrl\":\"https:\\\/\\\/frontonking.com\\\/wp-content\\\/uploads\\\/2018\\\/10\\\/MG_8581.jpg\",\"datePublished\":\"2018-10-28T22:13:21+00:00\",\"dateModified\":\"2024-10-08T18:55:06+00:00\",\"breadcrumb\":{\"@id\":\"https:\\\/\\\/frontonking.com\\\/en\\\/gran-canaria-fronton-king-2018-pro-confirmado-2-2-2-2-2-2-2-2\\\/#breadcrumb\"},\"inLanguage\":\"en-GB\",\"potentialAction\":[{\"@type\":\"ReadAction\",\"target\":[\"https:\\\/\\\/frontonking.com\\\/en\\\/gran-canaria-fronton-king-2018-pro-confirmado-2-2-2-2-2-2-2-2\\\/\"]}]},{\"@type\":\"ImageObject\",\"inLanguage\":\"en-GB\",\"@id\":\"https:\\\/\\\/frontonking.com\\\/en\\\/gran-canaria-fronton-king-2018-pro-confirmado-2-2-2-2-2-2-2-2\\\/#primaryimage\",\"url\":\"https:\\\/\\\/frontonking.com\\\/wp-content\\\/uploads\\\/2018\\\/10\\\/MG_8581.jpg\",\"contentUrl\":\"https:\\\/\\\/frontonking.com\\\/wp-content\\\/uploads\\\/2018\\\/10\\\/MG_8581.jpg\",\"width\":2000,\"height\":1333},{\"@type\":\"BreadcrumbList\",\"@id\":\"https:\\\/\\\/frontonking.com\\\/en\\\/gran-canaria-fronton-king-2018-pro-confirmado-2-2-2-2-2-2-2-2\\\/#breadcrumb\",\"itemListElement\":[{\"@type\":\"ListItem\",\"position\":1,\"name\":\"Portada\",\"item\":\"https:\\\/\\\/frontonking.com\\\/\"},{\"@type\":\"ListItem\",\"position\":2,\"name\":\"[:es]Gran Canaria corona a los nuevos campeones del mundo[:en]Gran Canaria has crowned the new world champions[:]\"}]},{\"@type\":\"WebSite\",\"@id\":\"https:\\\/\\\/frontonking.com\\\/#website\",\"url\":\"https:\\\/\\\/frontonking.com\\\/\",\"name\":\"Gran Canaria Fronton King\",\"description\":\"The Gran Canaria Fronton King Pro is the best bodyboarding competition in the world\",\"publisher\":{\"@id\":\"https:\\\/\\\/frontonking.com\\\/#organization\"},\"potentialAction\":[{\"@type\":\"SearchAction\",\"target\":{\"@type\":\"EntryPoint\",\"urlTemplate\":\"https:\\\/\\\/frontonking.com\\\/?s={search_term_string}\"},\"query-input\":{\"@type\":\"PropertyValueSpecification\",\"valueRequired\":true,\"valueName\":\"search_term_string\"}}],\"inLanguage\":\"en-GB\"},{\"@type\":\"Organization\",\"@id\":\"https:\\\/\\\/frontonking.com\\\/#organization\",\"name\":\"Gran Canaria Fronton King\",\"url\":\"https:\\\/\\\/frontonking.com\\\/\",\"logo\":{\"@type\":\"ImageObject\",\"inLanguage\":\"en-GB\",\"@id\":\"https:\\\/\\\/frontonking.com\\\/#\\\/schema\\\/logo\\\/image\\\/\",\"url\":\"https:\\\/\\\/frontonking.com\\\/wp-content\\\/uploads\\\/2025\\\/08\\\/cropped-LOGO25_300px.png\",\"contentUrl\":\"https:\\\/\\\/frontonking.com\\\/wp-content\\\/uploads\\\/2025\\\/08\\\/cropped-LOGO25_300px.png\",\"width\":300,\"height\":227,\"caption\":\"Gran Canaria Fronton King\"},\"image\":{\"@id\":\"https:\\\/\\\/frontonking.com\\\/#\\\/schema\\\/logo\\\/image\\\/\"}},{\"@type\":\"Person\",\"@id\":\"https:\\\/\\\/frontonking.com\\\/#\\\/schema\\\/person\\\/daecc8af58b09f31391037619e891a0e\",\"name\":\"DANIEL\",\"image\":{\"@type\":\"ImageObject\",\"inLanguage\":\"en-GB\",\"@id\":\"https:\\\/\\\/secure.gravatar.com\\\/avatar\\\/77cfdfb80ebea6d19deee660621b9b34dc8938e750e52d382160034464c651a0?s=96&d=mm&r=g\",\"url\":\"https:\\\/\\\/secure.gravatar.com\\\/avatar\\\/77cfdfb80ebea6d19deee660621b9b34dc8938e750e52d382160034464c651a0?s=96&d=mm&r=g\",\"contentUrl\":\"https:\\\/\\\/secure.gravatar.com\\\/avatar\\\/77cfdfb80ebea6d19deee660621b9b34dc8938e750e52d382160034464c651a0?s=96&d=mm&r=g\",\"caption\":\"DANIEL\"},\"sameAs\":[\"https:\\\/\\\/frontonking.com\"],\"url\":\"https:\\\/\\\/frontonking.com\\\/en\\\/author\\\/admin_frontonking\\\/\"}]}<\/script>\n<!-- \/ Yoast SEO plugin. -->","yoast_head_json":{"title":"[:es]Gran Canaria corona a los nuevos campeones del mundo[:en]Gran Canaria has crowned the new world champions[:] - Gran Canaria Fronton King","robots":{"index":"index","follow":"follow","max-snippet":"max-snippet:-1","max-image-preview":"max-image-preview:large","max-video-preview":"max-video-preview:-1"},"canonical":"https:\/\/frontonking.com\/en\/gran-canaria-fronton-king-2018-pro-confirmado-2-2-2-2-2-2-2-2\/","og_locale":"en_GB","og_type":"article","og_title":"[:es]Gran Canaria corona a los nuevos campeones del mundo[:en]Gran Canaria has crowned the new world champions[:] - Gran Canaria Fronton King","og_description":"[:es] Despu\u00e9s de un d\u00eda incre\u00edble en Galdar, Gran Canaria, hemos coronado a nuevos campeones mundiales del Gran Canaria Fronton King Amaury Laverne y Fronton Queen Teresa Padilla.\u00a0Fue un d\u00eda intenso con calores realmente apretados, pero todos est\u00e1bamos esperando la gran final, Teresa Padilla y Alexandra Rider en mujeres y en hombres con Amaury Lavernhe [&hellip;]","og_url":"https:\/\/frontonking.com\/en\/gran-canaria-fronton-king-2018-pro-confirmado-2-2-2-2-2-2-2-2\/","og_site_name":"Gran Canaria Fronton King","article_published_time":"2018-10-28T22:13:21+00:00","article_modified_time":"2024-10-08T18:55:06+00:00","og_image":[{"width":2000,"height":1333,"url":"https:\/\/frontonking.com\/wp-content\/uploads\/2018\/10\/MG_8581.jpg","type":"image\/jpeg"}],"author":"DANIEL","twitter_card":"summary_large_image","twitter_misc":{"Written by":"DANIEL","Estimated reading time":"1 minute"},"schema":{"@context":"https:\/\/schema.org","@graph":[{"@type":"Article","@id":"https:\/\/frontonking.com\/en\/gran-canaria-fronton-king-2018-pro-confirmado-2-2-2-2-2-2-2-2\/#article","isPartOf":{"@id":"https:\/\/frontonking.com\/en\/gran-canaria-fronton-king-2018-pro-confirmado-2-2-2-2-2-2-2-2\/"},"author":{"name":"DANIEL","@id":"https:\/\/frontonking.com\/#\/schema\/person\/daecc8af58b09f31391037619e891a0e"},"headline":"[:es]Gran Canaria corona a los nuevos campeones del mundo[:en]Gran Canaria has crowned the new world champions[:]","datePublished":"2018-10-28T22:13:21+00:00","dateModified":"2024-10-08T18:55:06+00:00","mainEntityOfPage":{"@id":"https:\/\/frontonking.com\/en\/gran-canaria-fronton-king-2018-pro-confirmado-2-2-2-2-2-2-2-2\/"},"wordCount":279,"publisher":{"@id":"https:\/\/frontonking.com\/#organization"},"image":{"@id":"https:\/\/frontonking.com\/en\/gran-canaria-fronton-king-2018-pro-confirmado-2-2-2-2-2-2-2-2\/#primaryimage"},"thumbnailUrl":"https:\/\/frontonking.com\/wp-content\/uploads\/2018\/10\/MG_8581.jpg","keywords":["bodyboard","bodyboarding","fronton","fronton king 2018","gran canaria","wave"],"articleSection":["Novedades","Sin categor\u00eda"],"inLanguage":"en-GB"},{"@type":"WebPage","@id":"https:\/\/frontonking.com\/en\/gran-canaria-fronton-king-2018-pro-confirmado-2-2-2-2-2-2-2-2\/","url":"https:\/\/frontonking.com\/en\/gran-canaria-fronton-king-2018-pro-confirmado-2-2-2-2-2-2-2-2\/","name":"[:es]Gran Canaria corona a los nuevos campeones del mundo[:en]Gran Canaria has crowned the new world champions[:] - Gran Canaria Fronton King","isPartOf":{"@id":"https:\/\/frontonking.com\/#website"},"primaryImageOfPage":{"@id":"https:\/\/frontonking.com\/en\/gran-canaria-fronton-king-2018-pro-confirmado-2-2-2-2-2-2-2-2\/#primaryimage"},"image":{"@id":"https:\/\/frontonking.com\/en\/gran-canaria-fronton-king-2018-pro-confirmado-2-2-2-2-2-2-2-2\/#primaryimage"},"thumbnailUrl":"https:\/\/frontonking.com\/wp-content\/uploads\/2018\/10\/MG_8581.jpg","datePublished":"2018-10-28T22:13:21+00:00","dateModified":"2024-10-08T18:55:06+00:00","breadcrumb":{"@id":"https:\/\/frontonking.com\/en\/gran-canaria-fronton-king-2018-pro-confirmado-2-2-2-2-2-2-2-2\/#breadcrumb"},"inLanguage":"en-GB","potentialAction":[{"@type":"ReadAction","target":["https:\/\/frontonking.com\/en\/gran-canaria-fronton-king-2018-pro-confirmado-2-2-2-2-2-2-2-2\/"]}]},{"@type":"ImageObject","inLanguage":"en-GB","@id":"https:\/\/frontonking.com\/en\/gran-canaria-fronton-king-2018-pro-confirmado-2-2-2-2-2-2-2-2\/#primaryimage","url":"https:\/\/frontonking.com\/wp-content\/uploads\/2018\/10\/MG_8581.jpg","contentUrl":"https:\/\/frontonking.com\/wp-content\/uploads\/2018\/10\/MG_8581.jpg","width":2000,"height":1333},{"@type":"BreadcrumbList","@id":"https:\/\/frontonking.com\/en\/gran-canaria-fronton-king-2018-pro-confirmado-2-2-2-2-2-2-2-2\/#breadcrumb","itemListElement":[{"@type":"ListItem","position":1,"name":"Portada","item":"https:\/\/frontonking.com\/"},{"@type":"ListItem","position":2,"name":"[:es]Gran Canaria corona a los nuevos campeones del mundo[:en]Gran Canaria has crowned the new world champions[:]"}]},{"@type":"WebSite","@id":"https:\/\/frontonking.com\/#website","url":"https:\/\/frontonking.com\/","name":"Gran Canaria Fronton King","description":"The Gran Canaria Fronton King Pro is the best bodyboarding competition in the world","publisher":{"@id":"https:\/\/frontonking.com\/#organization"},"potentialAction":[{"@type":"SearchAction","target":{"@type":"EntryPoint","urlTemplate":"https:\/\/frontonking.com\/?s={search_term_string}"},"query-input":{"@type":"PropertyValueSpecification","valueRequired":true,"valueName":"search_term_string"}}],"inLanguage":"en-GB"},{"@type":"Organization","@id":"https:\/\/frontonking.com\/#organization","name":"Gran Canaria Fronton King","url":"https:\/\/frontonking.com\/","logo":{"@type":"ImageObject","inLanguage":"en-GB","@id":"https:\/\/frontonking.com\/#\/schema\/logo\/image\/","url":"https:\/\/frontonking.com\/wp-content\/uploads\/2025\/08\/cropped-LOGO25_300px.png","contentUrl":"https:\/\/frontonking.com\/wp-content\/uploads\/2025\/08\/cropped-LOGO25_300px.png","width":300,"height":227,"caption":"Gran Canaria Fronton King"},"image":{"@id":"https:\/\/frontonking.com\/#\/schema\/logo\/image\/"}},{"@type":"Person","@id":"https:\/\/frontonking.com\/#\/schema\/person\/daecc8af58b09f31391037619e891a0e","name":"DANIEL","image":{"@type":"ImageObject","inLanguage":"en-GB","@id":"https:\/\/secure.gravatar.com\/avatar\/77cfdfb80ebea6d19deee660621b9b34dc8938e750e52d382160034464c651a0?s=96&d=mm&r=g","url":"https:\/\/secure.gravatar.com\/avatar\/77cfdfb80ebea6d19deee660621b9b34dc8938e750e52d382160034464c651a0?s=96&d=mm&r=g","contentUrl":"https:\/\/secure.gravatar.com\/avatar\/77cfdfb80ebea6d19deee660621b9b34dc8938e750e52d382160034464c651a0?s=96&d=mm&r=g","caption":"DANIEL"},"sameAs":["https:\/\/frontonking.com"],"url":"https:\/\/frontonking.com\/en\/author\/admin_frontonking\/"}]}},"_links":{"self":[{"href":"https:\/\/frontonking.com\/en\/wp-json\/wp\/v2\/posts\/5735","targetHints":{"allow":["GET"]}}],"collection":[{"href":"https:\/\/frontonking.com\/en\/wp-json\/wp\/v2\/posts"}],"about":[{"href":"https:\/\/frontonking.com\/en\/wp-json\/wp\/v2\/types\/post"}],"author":[{"embeddable":true,"href":"https:\/\/frontonking.com\/en\/wp-json\/wp\/v2\/users\/1"}],"replies":[{"embeddable":true,"href":"https:\/\/frontonking.com\/en\/wp-json\/wp\/v2\/comments?post=5735"}],"version-history":[{"count":1,"href":"https:\/\/frontonking.com\/en\/wp-json\/wp\/v2\/posts\/5735\/revisions"}],"predecessor-version":[{"id":9703,"href":"https:\/\/frontonking.com\/en\/wp-json\/wp\/v2\/posts\/5735\/revisions\/9703"}],"wp:featuredmedia":[{"embeddable":true,"href":"https:\/\/frontonking.com\/en\/wp-json\/wp\/v2\/media\/5736"}],"wp:attachment":[{"href":"https:\/\/frontonking.com\/en\/wp-json\/wp\/v2\/media?parent=5735"}],"wp:term":[{"taxonomy":"category","embeddable":true,"href":"https:\/\/frontonking.com\/en\/wp-json\/wp\/v2\/categories?post=5735"},{"taxonomy":"post_tag","embeddable":true,"href":"https:\/\/frontonking.com\/en\/wp-json\/wp\/v2\/tags?post=5735"}],"curies":[{"name":"wp","href":"https:\/\/api.w.org\/{rel}","templated":true}]}}