{"id":5888,"date":"2019-09-18T20:39:24","date_gmt":"2019-09-18T20:39:24","guid":{"rendered":"http:\/\/frontonking.com\/?p=5888"},"modified":"2024-10-08T19:55:06","modified_gmt":"2024-10-08T18:55:06","slug":"gran-canaria-fronton-king-2018-pro-confirmado-2-2-2-2-2-2-2-2-2","status":"publish","type":"post","link":"https:\/\/frontonking.com\/en\/gran-canaria-fronton-king-2018-pro-confirmado-2-2-2-2-2-2-2-2-2\/","title":{"rendered":"[:es]CARTEL OFICIAL GRAN CANARIA FRONT\u00d3N KING 2019[:en]GRAN CANARIA FRONTON KING 2019 OFFICIAL POSTER[:]"},"content":{"rendered":"<p>[:es]<img fetchpriority=\"high\" decoding=\"async\" class=\"aligncenter size-large wp-image-5891\" src=\"http:\/\/frontonking.com\/wp-content\/uploads\/2019\/09\/horizontalLR-1920-1024x667.jpg\" alt=\"poster horizontal\" width=\"1024\" height=\"667\" srcset=\"https:\/\/frontonking.com\/wp-content\/uploads\/2019\/09\/horizontalLR-1920-1024x667.jpg 1024w, https:\/\/frontonking.com\/wp-content\/uploads\/2019\/09\/horizontalLR-1920-600x391.jpg 600w, https:\/\/frontonking.com\/wp-content\/uploads\/2019\/09\/horizontalLR-1920-300x195.jpg 300w, https:\/\/frontonking.com\/wp-content\/uploads\/2019\/09\/horizontalLR-1920-768x500.jpg 768w, https:\/\/frontonking.com\/wp-content\/uploads\/2019\/09\/horizontalLR-1920-844x550.jpg 844w, https:\/\/frontonking.com\/wp-content\/uploads\/2019\/09\/horizontalLR-1920-844x550@2x.jpg 1688w, https:\/\/frontonking.com\/wp-content\/uploads\/2019\/09\/horizontalLR-1920.jpg 1920w\" sizes=\"(max-width: 1024px) 100vw, 1024px\" \/><\/p>\n<p>Les presentamos el cartel oficial del evento de Bodyboard m\u00e1s esperado del a\u00f1o.<\/p>\n<p>En esta ocasi\u00f3n est\u00e1 protagonizado por el atleta local Jonathan Vega, que obtuvo la segunda posici\u00f3n en la edici\u00f3n de 2018.<\/p>\n<p>Desde Front\u00f3n King queremos agradecer el apoyo de todos los patrocinadores y colaboradores que un a\u00f1o m\u00e1s hacen posible este gran evento en Gran Canaria.<\/p>\n<p>Este a\u00f1o Front\u00f3n King vuelve a ser prueba del Circuito Mundial <a class=\"profileLink\" href=\"https:\/\/www.facebook.com\/apbtour\/?eid=ARBowJDD2D4zgr01MthLK8B0mRvzopapXDIFFpkhU4Qw8abMBaZ_nGFWZ6FB8D34NmZvP0HXFm0aYo_x&amp;fref=tag\" data-hovercard=\"\/ajax\/hovercard\/page.php?id=453521868086412&amp;extragetparams=%7B%22eid%22%3A%22ARBowJDD2D4zgr01MthLK8B0mRvzopapXDIFFpkhU4Qw8abMBaZ_nGFWZ6FB8D34NmZvP0HXFm0aYo_x%22%2C%22fref%22%3A%22tag%22%7D\" data-hovercard-prefer-more-content-show=\"1\">APB Tour<\/a> en las categor\u00edas Open y Femenino. De esta manera se concentrar\u00e1 en Gran Canaria la la \u00e9lite de este deporte coronando a la campeona y campe\u00f3n mundial 2019.<\/p>\n<p>Recuerden, tienen una cita con el mejor bodyboard mundial desde el 12 al 26 de Octubre en G\u00e1ldar, Gran Canaria.<\/p>\n<p>Un agradecimiento es especial a nuestros patrocinadores y colaboradores que sin su apoyo y voluntad esto no seria posible.<br \/><img decoding=\"async\" class=\"aligncenter size-large wp-image-5824\" src=\"http:\/\/frontonking.com\/wp-content\/uploads\/2019\/09\/STREAMING-ALL--1024x576.png\" alt=\"\" width=\"1024\" height=\"576\" srcset=\"https:\/\/frontonking.com\/wp-content\/uploads\/2019\/09\/STREAMING-ALL--1024x576.png 1024w, https:\/\/frontonking.com\/wp-content\/uploads\/2019\/09\/STREAMING-ALL--600x338.png 600w, https:\/\/frontonking.com\/wp-content\/uploads\/2019\/09\/STREAMING-ALL--300x169.png 300w, https:\/\/frontonking.com\/wp-content\/uploads\/2019\/09\/STREAMING-ALL--768x432.png 768w, https:\/\/frontonking.com\/wp-content\/uploads\/2019\/09\/STREAMING-ALL--978x550.png 978w, https:\/\/frontonking.com\/wp-content\/uploads\/2019\/09\/STREAMING-ALL-.png 1920w\" sizes=\"(max-width: 1024px) 100vw, 1024px\" \/>[:en]<\/p>\n<div id=\"js_7h\" class=\"_5pbx userContent _3576\" data-testid=\"post_message\" data-ft=\"{&quot;tn&quot;:&quot;K&quot;}\">\n<div id=\"u_x_e\">\n<div class=\"_4p64\"><img fetchpriority=\"high\" decoding=\"async\" class=\"aligncenter size-large wp-image-5891\" src=\"http:\/\/frontonking.com\/wp-content\/uploads\/2019\/09\/horizontalLR-1920-1024x667.jpg\" alt=\"poster horizontal\" width=\"1024\" height=\"667\" srcset=\"https:\/\/frontonking.com\/wp-content\/uploads\/2019\/09\/horizontalLR-1920-1024x667.jpg 1024w, https:\/\/frontonking.com\/wp-content\/uploads\/2019\/09\/horizontalLR-1920-600x391.jpg 600w, https:\/\/frontonking.com\/wp-content\/uploads\/2019\/09\/horizontalLR-1920-300x195.jpg 300w, https:\/\/frontonking.com\/wp-content\/uploads\/2019\/09\/horizontalLR-1920-768x500.jpg 768w, https:\/\/frontonking.com\/wp-content\/uploads\/2019\/09\/horizontalLR-1920-844x550.jpg 844w, https:\/\/frontonking.com\/wp-content\/uploads\/2019\/09\/horizontalLR-1920-844x550@2x.jpg 1688w, https:\/\/frontonking.com\/wp-content\/uploads\/2019\/09\/horizontalLR-1920.jpg 1920w\" sizes=\"(max-width: 1024px) 100vw, 1024px\" \/><\/p>\n<p>We present you the official poster of the most anticipated bodyboard event of the year.<\/p>\n<p>On this occasion it is starring the local athlete Jonathan Vega, who obtained the second position in the 2018. Edition<\/p>\n<p>From Fronton King we want to thank the support of all the sponsors and collaborators that one more year make this great event possible in Gran Canaria.<\/p>\n<p>This year fronton king is again proof of the world circuit apb tour in the open and feminine categories. This will focus on Gran Canaria the elite of this sport crowning the champion and world Champion 2019.<\/p>\n<p>Remember, you have an appointment with the best world bodyboard from 12 to 26 October in g\u00e1ldar, Gran Canaria.<\/p>\n<p><img decoding=\"async\" class=\"aligncenter size-large wp-image-5824\" src=\"http:\/\/frontonking.com\/wp-content\/uploads\/2019\/09\/STREAMING-ALL--1024x576.png\" alt=\"\" width=\"1024\" height=\"576\" srcset=\"https:\/\/frontonking.com\/wp-content\/uploads\/2019\/09\/STREAMING-ALL--1024x576.png 1024w, https:\/\/frontonking.com\/wp-content\/uploads\/2019\/09\/STREAMING-ALL--600x338.png 600w, https:\/\/frontonking.com\/wp-content\/uploads\/2019\/09\/STREAMING-ALL--300x169.png 300w, https:\/\/frontonking.com\/wp-content\/uploads\/2019\/09\/STREAMING-ALL--768x432.png 768w, https:\/\/frontonking.com\/wp-content\/uploads\/2019\/09\/STREAMING-ALL--978x550.png 978w, https:\/\/frontonking.com\/wp-content\/uploads\/2019\/09\/STREAMING-ALL-.png 1920w\" sizes=\"(max-width: 1024px) 100vw, 1024px\" \/><\/p>\n<div class=\"QmZWSe\">\n<div class=\"DHcWmd\">\u00a0<\/div>\n<\/div>\n<div class=\"oSioSc\">\n<div id=\"tw-target\">\n<div id=\"kAz1tf\" class=\"g9WsWb\">\n<div id=\"tw-target-text-container\" class=\"tw-ta-container tw-nfl\">\n<pre id=\"tw-target-text\" class=\"tw-data-text tw-text-large tw-ta\" dir=\"ltr\" data-placeholder=\"Traducci\u00f3n\">\u00a0<\/pre>\n<\/div>\n<\/div>\n<\/div>\n<\/div>\n<\/div>\n<\/div>\n<\/div>\n<div class=\"_3x-2\" data-ft=\"{&quot;tn&quot;:&quot;H&quot;}\">\n<div data-ft=\"{&quot;tn&quot;:&quot;H&quot;}\">\n<div class=\"mtm\">\n<div>\n<div class=\"_1ktf\" data-ft=\"{&quot;tn&quot;:&quot;E&quot;}\">\u00a0<\/div>\n<\/div>\n<\/div>\n<\/div>\n<\/div>\n<p>[:]<\/p>\n","protected":false},"excerpt":{"rendered":"<p>[:es] Les presentamos el cartel oficial del evento de Bodyboard m\u00e1s esperado del a\u00f1o. En esta ocasi\u00f3n est\u00e1 protagonizado por el atleta local Jonathan Vega, que obtuvo la segunda posici\u00f3n en la edici\u00f3n de 2018. Desde Front\u00f3n King queremos agradecer el apoyo de todos los patrocinadores y colaboradores que un a\u00f1o m\u00e1s hacen posible este [&hellip;]<\/p>\n","protected":false},"author":1,"featured_media":5890,"comment_status":"closed","ping_status":"open","sticky":false,"template":"","format":"standard","meta":{"footnotes":""},"categories":[181,1],"tags":[188,189,194,195,186,191,185,192,187,193],"class_list":["post-5888","post","type-post","status-publish","format-standard","has-post-thumbnail","hentry","category-novedades","category-sin-categoria","tag-bodyboard","tag-bodyboarding","tag-campeones-del-mundo","tag-champion","tag-fronton","tag-fronton-king-2019","tag-gran-canaria","tag-gran-canaria-deportes","tag-wave","tag-world-tittle"],"yoast_head":"<!-- This site is optimized with the Yoast SEO plugin v27.5 - https:\/\/yoast.com\/product\/yoast-seo-wordpress\/ -->\n<title>[:es]CARTEL OFICIAL GRAN CANARIA FRONT\u00d3N KING 2019[:en]GRAN CANARIA FRONTON KING 2019 OFFICIAL POSTER[:] - Gran Canaria Fronton King<\/title>\n<meta name=\"robots\" content=\"index, follow, max-snippet:-1, max-image-preview:large, max-video-preview:-1\" \/>\n<link rel=\"canonical\" href=\"https:\/\/frontonking.com\/en\/gran-canaria-fronton-king-2018-pro-confirmado-2-2-2-2-2-2-2-2-2\/\" \/>\n<meta property=\"og:locale\" content=\"en_GB\" \/>\n<meta property=\"og:type\" content=\"article\" \/>\n<meta property=\"og:title\" content=\"[:es]CARTEL OFICIAL GRAN CANARIA FRONT\u00d3N KING 2019[:en]GRAN CANARIA FRONTON KING 2019 OFFICIAL POSTER[:] - Gran Canaria Fronton King\" \/>\n<meta property=\"og:description\" content=\"[:es] Les presentamos el cartel oficial del evento de Bodyboard m\u00e1s esperado del a\u00f1o. En esta ocasi\u00f3n est\u00e1 protagonizado por el atleta local Jonathan Vega, que obtuvo la segunda posici\u00f3n en la edici\u00f3n de 2018. Desde Front\u00f3n King queremos agradecer el apoyo de todos los patrocinadores y colaboradores que un a\u00f1o m\u00e1s hacen posible este [&hellip;]\" \/>\n<meta property=\"og:url\" content=\"https:\/\/frontonking.com\/en\/gran-canaria-fronton-king-2018-pro-confirmado-2-2-2-2-2-2-2-2-2\/\" \/>\n<meta property=\"og:site_name\" content=\"Gran Canaria Fronton King\" \/>\n<meta property=\"article:published_time\" content=\"2019-09-18T20:39:24+00:00\" \/>\n<meta property=\"article:modified_time\" content=\"2024-10-08T18:55:06+00:00\" \/>\n<meta property=\"og:image\" content=\"https:\/\/frontonking.com\/wp-content\/uploads\/2019\/09\/POSTER-LR-2000.jpg\" \/>\n\t<meta property=\"og:image:width\" content=\"1437\" \/>\n\t<meta property=\"og:image:height\" content=\"2000\" \/>\n\t<meta property=\"og:image:type\" content=\"image\/jpeg\" \/>\n<meta name=\"author\" content=\"DANIEL\" \/>\n<meta name=\"twitter:card\" content=\"summary_large_image\" \/>\n<meta name=\"twitter:label1\" content=\"Written by\" \/>\n\t<meta name=\"twitter:data1\" content=\"DANIEL\" \/>\n\t<meta name=\"twitter:label2\" content=\"Estimated reading time\" \/>\n\t<meta name=\"twitter:data2\" content=\"1 minute\" \/>\n<script type=\"application\/ld+json\" class=\"yoast-schema-graph\">{\"@context\":\"https:\\\/\\\/schema.org\",\"@graph\":[{\"@type\":\"Article\",\"@id\":\"https:\\\/\\\/frontonking.com\\\/gran-canaria-fronton-king-2018-pro-confirmado-2-2-2-2-2-2-2-2-2\\\/#article\",\"isPartOf\":{\"@id\":\"https:\\\/\\\/frontonking.com\\\/gran-canaria-fronton-king-2018-pro-confirmado-2-2-2-2-2-2-2-2-2\\\/\"},\"author\":{\"name\":\"DANIEL\",\"@id\":\"https:\\\/\\\/frontonking.com\\\/#\\\/schema\\\/person\\\/daecc8af58b09f31391037619e891a0e\"},\"headline\":\"[:es]CARTEL OFICIAL GRAN CANARIA FRONT\u00d3N KING 2019[:en]GRAN CANARIA FRONTON KING 2019 OFFICIAL POSTER[:]\",\"datePublished\":\"2019-09-18T20:39:24+00:00\",\"dateModified\":\"2024-10-08T18:55:06+00:00\",\"mainEntityOfPage\":{\"@id\":\"https:\\\/\\\/frontonking.com\\\/gran-canaria-fronton-king-2018-pro-confirmado-2-2-2-2-2-2-2-2-2\\\/\"},\"wordCount\":280,\"publisher\":{\"@id\":\"https:\\\/\\\/frontonking.com\\\/#organization\"},\"image\":{\"@id\":\"https:\\\/\\\/frontonking.com\\\/gran-canaria-fronton-king-2018-pro-confirmado-2-2-2-2-2-2-2-2-2\\\/#primaryimage\"},\"thumbnailUrl\":\"https:\\\/\\\/frontonking.com\\\/wp-content\\\/uploads\\\/2019\\\/09\\\/POSTER-LR-2000.jpg\",\"keywords\":[\"bodyboard\",\"bodyboarding\",\"campeones del mundo\",\"champion\",\"fronton\",\"fronton king 2019\",\"gran canaria\",\"gran canaria deportes\",\"wave\",\"world tittle\"],\"articleSection\":[\"Novedades\",\"Sin categor\u00eda\"],\"inLanguage\":\"en-GB\"},{\"@type\":\"WebPage\",\"@id\":\"https:\\\/\\\/frontonking.com\\\/gran-canaria-fronton-king-2018-pro-confirmado-2-2-2-2-2-2-2-2-2\\\/\",\"url\":\"https:\\\/\\\/frontonking.com\\\/gran-canaria-fronton-king-2018-pro-confirmado-2-2-2-2-2-2-2-2-2\\\/\",\"name\":\"[:es]CARTEL OFICIAL GRAN CANARIA FRONT\u00d3N KING 2019[:en]GRAN CANARIA FRONTON KING 2019 OFFICIAL POSTER[:] - Gran Canaria Fronton King\",\"isPartOf\":{\"@id\":\"https:\\\/\\\/frontonking.com\\\/#website\"},\"primaryImageOfPage\":{\"@id\":\"https:\\\/\\\/frontonking.com\\\/gran-canaria-fronton-king-2018-pro-confirmado-2-2-2-2-2-2-2-2-2\\\/#primaryimage\"},\"image\":{\"@id\":\"https:\\\/\\\/frontonking.com\\\/gran-canaria-fronton-king-2018-pro-confirmado-2-2-2-2-2-2-2-2-2\\\/#primaryimage\"},\"thumbnailUrl\":\"https:\\\/\\\/frontonking.com\\\/wp-content\\\/uploads\\\/2019\\\/09\\\/POSTER-LR-2000.jpg\",\"datePublished\":\"2019-09-18T20:39:24+00:00\",\"dateModified\":\"2024-10-08T18:55:06+00:00\",\"breadcrumb\":{\"@id\":\"https:\\\/\\\/frontonking.com\\\/gran-canaria-fronton-king-2018-pro-confirmado-2-2-2-2-2-2-2-2-2\\\/#breadcrumb\"},\"inLanguage\":\"en-GB\",\"potentialAction\":[{\"@type\":\"ReadAction\",\"target\":[\"https:\\\/\\\/frontonking.com\\\/gran-canaria-fronton-king-2018-pro-confirmado-2-2-2-2-2-2-2-2-2\\\/\"]}]},{\"@type\":\"ImageObject\",\"inLanguage\":\"en-GB\",\"@id\":\"https:\\\/\\\/frontonking.com\\\/gran-canaria-fronton-king-2018-pro-confirmado-2-2-2-2-2-2-2-2-2\\\/#primaryimage\",\"url\":\"https:\\\/\\\/frontonking.com\\\/wp-content\\\/uploads\\\/2019\\\/09\\\/POSTER-LR-2000.jpg\",\"contentUrl\":\"https:\\\/\\\/frontonking.com\\\/wp-content\\\/uploads\\\/2019\\\/09\\\/POSTER-LR-2000.jpg\",\"width\":1437,\"height\":2000},{\"@type\":\"BreadcrumbList\",\"@id\":\"https:\\\/\\\/frontonking.com\\\/gran-canaria-fronton-king-2018-pro-confirmado-2-2-2-2-2-2-2-2-2\\\/#breadcrumb\",\"itemListElement\":[{\"@type\":\"ListItem\",\"position\":1,\"name\":\"Portada\",\"item\":\"https:\\\/\\\/frontonking.com\\\/\"},{\"@type\":\"ListItem\",\"position\":2,\"name\":\"[:es]CARTEL OFICIAL GRAN CANARIA FRONT\u00d3N KING 2019[:en]GRAN CANARIA FRONTON KING 2019 OFFICIAL POSTER[:]\"}]},{\"@type\":\"WebSite\",\"@id\":\"https:\\\/\\\/frontonking.com\\\/#website\",\"url\":\"https:\\\/\\\/frontonking.com\\\/\",\"name\":\"Gran Canaria Fronton King\",\"description\":\"The Gran Canaria Fronton King Pro is the best bodyboarding competition in the world\",\"publisher\":{\"@id\":\"https:\\\/\\\/frontonking.com\\\/#organization\"},\"potentialAction\":[{\"@type\":\"SearchAction\",\"target\":{\"@type\":\"EntryPoint\",\"urlTemplate\":\"https:\\\/\\\/frontonking.com\\\/?s={search_term_string}\"},\"query-input\":{\"@type\":\"PropertyValueSpecification\",\"valueRequired\":true,\"valueName\":\"search_term_string\"}}],\"inLanguage\":\"en-GB\"},{\"@type\":\"Organization\",\"@id\":\"https:\\\/\\\/frontonking.com\\\/#organization\",\"name\":\"Gran Canaria Fronton King\",\"url\":\"https:\\\/\\\/frontonking.com\\\/\",\"logo\":{\"@type\":\"ImageObject\",\"inLanguage\":\"en-GB\",\"@id\":\"https:\\\/\\\/frontonking.com\\\/#\\\/schema\\\/logo\\\/image\\\/\",\"url\":\"https:\\\/\\\/frontonking.com\\\/wp-content\\\/uploads\\\/2025\\\/08\\\/cropped-LOGO25_300px.png\",\"contentUrl\":\"https:\\\/\\\/frontonking.com\\\/wp-content\\\/uploads\\\/2025\\\/08\\\/cropped-LOGO25_300px.png\",\"width\":300,\"height\":227,\"caption\":\"Gran Canaria Fronton King\"},\"image\":{\"@id\":\"https:\\\/\\\/frontonking.com\\\/#\\\/schema\\\/logo\\\/image\\\/\"}},{\"@type\":\"Person\",\"@id\":\"https:\\\/\\\/frontonking.com\\\/#\\\/schema\\\/person\\\/daecc8af58b09f31391037619e891a0e\",\"name\":\"DANIEL\",\"image\":{\"@type\":\"ImageObject\",\"inLanguage\":\"en-GB\",\"@id\":\"https:\\\/\\\/secure.gravatar.com\\\/avatar\\\/77cfdfb80ebea6d19deee660621b9b34dc8938e750e52d382160034464c651a0?s=96&d=mm&r=g\",\"url\":\"https:\\\/\\\/secure.gravatar.com\\\/avatar\\\/77cfdfb80ebea6d19deee660621b9b34dc8938e750e52d382160034464c651a0?s=96&d=mm&r=g\",\"contentUrl\":\"https:\\\/\\\/secure.gravatar.com\\\/avatar\\\/77cfdfb80ebea6d19deee660621b9b34dc8938e750e52d382160034464c651a0?s=96&d=mm&r=g\",\"caption\":\"DANIEL\"},\"sameAs\":[\"https:\\\/\\\/frontonking.com\"],\"url\":\"https:\\\/\\\/frontonking.com\\\/en\\\/author\\\/admin_frontonking\\\/\"}]}<\/script>\n<!-- \/ Yoast SEO plugin. -->","yoast_head_json":{"title":"[:es]CARTEL OFICIAL GRAN CANARIA FRONT\u00d3N KING 2019[:en]GRAN CANARIA FRONTON KING 2019 OFFICIAL POSTER[:] - Gran Canaria Fronton King","robots":{"index":"index","follow":"follow","max-snippet":"max-snippet:-1","max-image-preview":"max-image-preview:large","max-video-preview":"max-video-preview:-1"},"canonical":"https:\/\/frontonking.com\/en\/gran-canaria-fronton-king-2018-pro-confirmado-2-2-2-2-2-2-2-2-2\/","og_locale":"en_GB","og_type":"article","og_title":"[:es]CARTEL OFICIAL GRAN CANARIA FRONT\u00d3N KING 2019[:en]GRAN CANARIA FRONTON KING 2019 OFFICIAL POSTER[:] - Gran Canaria Fronton King","og_description":"[:es] Les presentamos el cartel oficial del evento de Bodyboard m\u00e1s esperado del a\u00f1o. En esta ocasi\u00f3n est\u00e1 protagonizado por el atleta local Jonathan Vega, que obtuvo la segunda posici\u00f3n en la edici\u00f3n de 2018. Desde Front\u00f3n King queremos agradecer el apoyo de todos los patrocinadores y colaboradores que un a\u00f1o m\u00e1s hacen posible este [&hellip;]","og_url":"https:\/\/frontonking.com\/en\/gran-canaria-fronton-king-2018-pro-confirmado-2-2-2-2-2-2-2-2-2\/","og_site_name":"Gran Canaria Fronton King","article_published_time":"2019-09-18T20:39:24+00:00","article_modified_time":"2024-10-08T18:55:06+00:00","og_image":[{"width":1437,"height":2000,"url":"https:\/\/frontonking.com\/wp-content\/uploads\/2019\/09\/POSTER-LR-2000.jpg","type":"image\/jpeg"}],"author":"DANIEL","twitter_card":"summary_large_image","twitter_misc":{"Written by":"DANIEL","Estimated reading time":"1 minute"},"schema":{"@context":"https:\/\/schema.org","@graph":[{"@type":"Article","@id":"https:\/\/frontonking.com\/gran-canaria-fronton-king-2018-pro-confirmado-2-2-2-2-2-2-2-2-2\/#article","isPartOf":{"@id":"https:\/\/frontonking.com\/gran-canaria-fronton-king-2018-pro-confirmado-2-2-2-2-2-2-2-2-2\/"},"author":{"name":"DANIEL","@id":"https:\/\/frontonking.com\/#\/schema\/person\/daecc8af58b09f31391037619e891a0e"},"headline":"[:es]CARTEL OFICIAL GRAN CANARIA FRONT\u00d3N KING 2019[:en]GRAN CANARIA FRONTON KING 2019 OFFICIAL POSTER[:]","datePublished":"2019-09-18T20:39:24+00:00","dateModified":"2024-10-08T18:55:06+00:00","mainEntityOfPage":{"@id":"https:\/\/frontonking.com\/gran-canaria-fronton-king-2018-pro-confirmado-2-2-2-2-2-2-2-2-2\/"},"wordCount":280,"publisher":{"@id":"https:\/\/frontonking.com\/#organization"},"image":{"@id":"https:\/\/frontonking.com\/gran-canaria-fronton-king-2018-pro-confirmado-2-2-2-2-2-2-2-2-2\/#primaryimage"},"thumbnailUrl":"https:\/\/frontonking.com\/wp-content\/uploads\/2019\/09\/POSTER-LR-2000.jpg","keywords":["bodyboard","bodyboarding","campeones del mundo","champion","fronton","fronton king 2019","gran canaria","gran canaria deportes","wave","world tittle"],"articleSection":["Novedades","Sin categor\u00eda"],"inLanguage":"en-GB"},{"@type":"WebPage","@id":"https:\/\/frontonking.com\/gran-canaria-fronton-king-2018-pro-confirmado-2-2-2-2-2-2-2-2-2\/","url":"https:\/\/frontonking.com\/gran-canaria-fronton-king-2018-pro-confirmado-2-2-2-2-2-2-2-2-2\/","name":"[:es]CARTEL OFICIAL GRAN CANARIA FRONT\u00d3N KING 2019[:en]GRAN CANARIA FRONTON KING 2019 OFFICIAL POSTER[:] - Gran Canaria Fronton King","isPartOf":{"@id":"https:\/\/frontonking.com\/#website"},"primaryImageOfPage":{"@id":"https:\/\/frontonking.com\/gran-canaria-fronton-king-2018-pro-confirmado-2-2-2-2-2-2-2-2-2\/#primaryimage"},"image":{"@id":"https:\/\/frontonking.com\/gran-canaria-fronton-king-2018-pro-confirmado-2-2-2-2-2-2-2-2-2\/#primaryimage"},"thumbnailUrl":"https:\/\/frontonking.com\/wp-content\/uploads\/2019\/09\/POSTER-LR-2000.jpg","datePublished":"2019-09-18T20:39:24+00:00","dateModified":"2024-10-08T18:55:06+00:00","breadcrumb":{"@id":"https:\/\/frontonking.com\/gran-canaria-fronton-king-2018-pro-confirmado-2-2-2-2-2-2-2-2-2\/#breadcrumb"},"inLanguage":"en-GB","potentialAction":[{"@type":"ReadAction","target":["https:\/\/frontonking.com\/gran-canaria-fronton-king-2018-pro-confirmado-2-2-2-2-2-2-2-2-2\/"]}]},{"@type":"ImageObject","inLanguage":"en-GB","@id":"https:\/\/frontonking.com\/gran-canaria-fronton-king-2018-pro-confirmado-2-2-2-2-2-2-2-2-2\/#primaryimage","url":"https:\/\/frontonking.com\/wp-content\/uploads\/2019\/09\/POSTER-LR-2000.jpg","contentUrl":"https:\/\/frontonking.com\/wp-content\/uploads\/2019\/09\/POSTER-LR-2000.jpg","width":1437,"height":2000},{"@type":"BreadcrumbList","@id":"https:\/\/frontonking.com\/gran-canaria-fronton-king-2018-pro-confirmado-2-2-2-2-2-2-2-2-2\/#breadcrumb","itemListElement":[{"@type":"ListItem","position":1,"name":"Portada","item":"https:\/\/frontonking.com\/"},{"@type":"ListItem","position":2,"name":"[:es]CARTEL OFICIAL GRAN CANARIA FRONT\u00d3N KING 2019[:en]GRAN CANARIA FRONTON KING 2019 OFFICIAL POSTER[:]"}]},{"@type":"WebSite","@id":"https:\/\/frontonking.com\/#website","url":"https:\/\/frontonking.com\/","name":"Gran Canaria Fronton King","description":"The Gran Canaria Fronton King Pro is the best bodyboarding competition in the world","publisher":{"@id":"https:\/\/frontonking.com\/#organization"},"potentialAction":[{"@type":"SearchAction","target":{"@type":"EntryPoint","urlTemplate":"https:\/\/frontonking.com\/?s={search_term_string}"},"query-input":{"@type":"PropertyValueSpecification","valueRequired":true,"valueName":"search_term_string"}}],"inLanguage":"en-GB"},{"@type":"Organization","@id":"https:\/\/frontonking.com\/#organization","name":"Gran Canaria Fronton King","url":"https:\/\/frontonking.com\/","logo":{"@type":"ImageObject","inLanguage":"en-GB","@id":"https:\/\/frontonking.com\/#\/schema\/logo\/image\/","url":"https:\/\/frontonking.com\/wp-content\/uploads\/2025\/08\/cropped-LOGO25_300px.png","contentUrl":"https:\/\/frontonking.com\/wp-content\/uploads\/2025\/08\/cropped-LOGO25_300px.png","width":300,"height":227,"caption":"Gran Canaria Fronton King"},"image":{"@id":"https:\/\/frontonking.com\/#\/schema\/logo\/image\/"}},{"@type":"Person","@id":"https:\/\/frontonking.com\/#\/schema\/person\/daecc8af58b09f31391037619e891a0e","name":"DANIEL","image":{"@type":"ImageObject","inLanguage":"en-GB","@id":"https:\/\/secure.gravatar.com\/avatar\/77cfdfb80ebea6d19deee660621b9b34dc8938e750e52d382160034464c651a0?s=96&d=mm&r=g","url":"https:\/\/secure.gravatar.com\/avatar\/77cfdfb80ebea6d19deee660621b9b34dc8938e750e52d382160034464c651a0?s=96&d=mm&r=g","contentUrl":"https:\/\/secure.gravatar.com\/avatar\/77cfdfb80ebea6d19deee660621b9b34dc8938e750e52d382160034464c651a0?s=96&d=mm&r=g","caption":"DANIEL"},"sameAs":["https:\/\/frontonking.com"],"url":"https:\/\/frontonking.com\/en\/author\/admin_frontonking\/"}]}},"_links":{"self":[{"href":"https:\/\/frontonking.com\/en\/wp-json\/wp\/v2\/posts\/5888","targetHints":{"allow":["GET"]}}],"collection":[{"href":"https:\/\/frontonking.com\/en\/wp-json\/wp\/v2\/posts"}],"about":[{"href":"https:\/\/frontonking.com\/en\/wp-json\/wp\/v2\/types\/post"}],"author":[{"embeddable":true,"href":"https:\/\/frontonking.com\/en\/wp-json\/wp\/v2\/users\/1"}],"replies":[{"embeddable":true,"href":"https:\/\/frontonking.com\/en\/wp-json\/wp\/v2\/comments?post=5888"}],"version-history":[{"count":1,"href":"https:\/\/frontonking.com\/en\/wp-json\/wp\/v2\/posts\/5888\/revisions"}],"predecessor-version":[{"id":9701,"href":"https:\/\/frontonking.com\/en\/wp-json\/wp\/v2\/posts\/5888\/revisions\/9701"}],"wp:featuredmedia":[{"embeddable":true,"href":"https:\/\/frontonking.com\/en\/wp-json\/wp\/v2\/media\/5890"}],"wp:attachment":[{"href":"https:\/\/frontonking.com\/en\/wp-json\/wp\/v2\/media?parent=5888"}],"wp:term":[{"taxonomy":"category","embeddable":true,"href":"https:\/\/frontonking.com\/en\/wp-json\/wp\/v2\/categories?post=5888"},{"taxonomy":"post_tag","embeddable":true,"href":"https:\/\/frontonking.com\/en\/wp-json\/wp\/v2\/tags?post=5888"}],"curies":[{"name":"wp","href":"https:\/\/api.w.org\/{rel}","templated":true}]}}