{"id":6147,"date":"2020-10-17T22:44:08","date_gmt":"2020-10-17T22:44:08","guid":{"rendered":"https:\/\/frontonking.com\/?p=6147"},"modified":"2024-10-08T19:55:05","modified_gmt":"2024-10-08T18:55:05","slug":"gran-canaria-fronton-king-2018-pro-confirmado-2-2-2-2-2-2-2-2-2-2-2-2-2-3","status":"publish","type":"post","link":"https:\/\/frontonking.com\/en\/gran-canaria-fronton-king-2018-pro-confirmado-2-2-2-2-2-2-2-2-2-2-2-2-2-3\/","title":{"rendered":"[:es]Lleg\u00f3 la hora del Front\u00f3n King 2020[:en]It&#8217;s time for the King Fronton[:]"},"content":{"rendered":"<p>[:es]<\/p>\n<p>&nbsp;<\/p>\n<p><strong>La World Cup Gran Canaria Front\u00f3n King arranca ma\u00f1ana domingo a las 12:00 h. con la Televisi\u00f3n Canaria en directo desde la reconocida ola de El Front\u00f3n, en G\u00e1ldar<\/strong><\/p>\n<p>&nbsp;<\/p>\n<p><strong>G\u00e1ldar, Gran Canaria \u2013 17 octubre.<\/strong> Todo listo para la <strong>World Cup Gran Canaria Front\u00f3n King. <\/strong>La competici\u00f3n arranca este domingo 18 con las mejores condiciones posibles y como la \u00fanica prueba de bodyboard profesional, en la <strong>mejor ola del mundo<\/strong> para la pr\u00e1ctica de esta disciplina. Este evento ha sido posible gracias a la implantaci\u00f3n de un estricto <strong>protocolo de seguridad y prevenci\u00f3n<\/strong> que lo convierte en un evento seguro y con todas las medidas higi\u00e9nicas y sanitarias frente a la covid-19.<\/p>\n<p>Por primera vez a nivel nacional, un campeonato de bodyboard profesional <strong>es transmitido en directo por televisi\u00f3n<\/strong>, en Televisi\u00f3n Canaria de 12 a 13.30 horas, que grabar\u00e1 desde G\u00e1ldar el arranque de <strong>la competici\u00f3n m\u00e1s esperada<\/strong> en una de las olas m\u00e1s reconocidas internacionalmente y que estar\u00e1 activa hasta el d\u00eda 31.<br \/><img fetchpriority=\"high\" decoding=\"async\" class=\"aligncenter size-large wp-image-6148\" src=\"https:\/\/frontonking.com\/wp-content\/uploads\/2020\/10\/FOTO-DIA-0-WCGC-FRONTON-KING-mpg17oct2020-1-1024x683.jpeg\" alt=\"\" width=\"1024\" height=\"683\" srcset=\"https:\/\/frontonking.com\/wp-content\/uploads\/2020\/10\/FOTO-DIA-0-WCGC-FRONTON-KING-mpg17oct2020-1-1024x683.jpeg 1024w, https:\/\/frontonking.com\/wp-content\/uploads\/2020\/10\/FOTO-DIA-0-WCGC-FRONTON-KING-mpg17oct2020-1-scaled-600x400.jpeg 600w, https:\/\/frontonking.com\/wp-content\/uploads\/2020\/10\/FOTO-DIA-0-WCGC-FRONTON-KING-mpg17oct2020-1-300x200.jpeg 300w, https:\/\/frontonking.com\/wp-content\/uploads\/2020\/10\/FOTO-DIA-0-WCGC-FRONTON-KING-mpg17oct2020-1-768x512.jpeg 768w, https:\/\/frontonking.com\/wp-content\/uploads\/2020\/10\/FOTO-DIA-0-WCGC-FRONTON-KING-mpg17oct2020-1-1536x1024.jpeg 1536w, https:\/\/frontonking.com\/wp-content\/uploads\/2020\/10\/FOTO-DIA-0-WCGC-FRONTON-KING-mpg17oct2020-1-2048x1365.jpeg 2048w, https:\/\/frontonking.com\/wp-content\/uploads\/2020\/10\/FOTO-DIA-0-WCGC-FRONTON-KING-mpg17oct2020-1-825x550.jpeg 825w, https:\/\/frontonking.com\/wp-content\/uploads\/2020\/10\/FOTO-DIA-0-WCGC-FRONTON-KING-mpg17oct2020-1-825x550@2x.jpeg 1650w\" sizes=\"(max-width: 1024px) 100vw, 1024px\" \/><\/p>\n<p>Para ello, la organizaci\u00f3n ha reinventado parte del evento, de forma que el Front\u00f3n King sea <strong>referencia para la pr\u00e1ctica deportiva<\/strong> y un escaparate al mundo de <strong>Gran Canaria como destino completamente seguro<\/strong>, abierto al turismo y que asegura un espect\u00e1culo con todas las garant\u00edas sanitarias.<\/p>\n<p>En total, ser\u00e1n <strong>64 riders<\/strong> llegados desde todos los rincones del mundo los que se ver\u00e1n las caras en \u2018La Bestia\u2019 como es conocida la popular ola galdense en categor\u00eda open. Todos ellos han tenido <strong>su primer contacto<\/strong> con El Front\u00f3n en el d\u00eda de hoy en el <strong>briefing de competidores, <\/strong>en el que han sido informados de <strong>todas las medidas covid-19<\/strong>, protocolos y dem\u00e1s detalles de la competici\u00f3n.<br \/><img decoding=\"async\" class=\"aligncenter size-large wp-image-6149\" src=\"https:\/\/frontonking.com\/wp-content\/uploads\/2020\/10\/FOTO-DIA-0-WCGC-FRONTON-KING-mpg17oct2020-2-1024x683.jpeg\" alt=\"\" width=\"1024\" height=\"683\" srcset=\"https:\/\/frontonking.com\/wp-content\/uploads\/2020\/10\/FOTO-DIA-0-WCGC-FRONTON-KING-mpg17oct2020-2-1024x683.jpeg 1024w, https:\/\/frontonking.com\/wp-content\/uploads\/2020\/10\/FOTO-DIA-0-WCGC-FRONTON-KING-mpg17oct2020-2-scaled-600x400.jpeg 600w, https:\/\/frontonking.com\/wp-content\/uploads\/2020\/10\/FOTO-DIA-0-WCGC-FRONTON-KING-mpg17oct2020-2-300x200.jpeg 300w, https:\/\/frontonking.com\/wp-content\/uploads\/2020\/10\/FOTO-DIA-0-WCGC-FRONTON-KING-mpg17oct2020-2-768x512.jpeg 768w, https:\/\/frontonking.com\/wp-content\/uploads\/2020\/10\/FOTO-DIA-0-WCGC-FRONTON-KING-mpg17oct2020-2-1536x1024.jpeg 1536w, https:\/\/frontonking.com\/wp-content\/uploads\/2020\/10\/FOTO-DIA-0-WCGC-FRONTON-KING-mpg17oct2020-2-2048x1365.jpeg 2048w, https:\/\/frontonking.com\/wp-content\/uploads\/2020\/10\/FOTO-DIA-0-WCGC-FRONTON-KING-mpg17oct2020-2-825x550.jpeg 825w, https:\/\/frontonking.com\/wp-content\/uploads\/2020\/10\/FOTO-DIA-0-WCGC-FRONTON-KING-mpg17oct2020-2-825x550@2x.jpeg 1650w\" sizes=\"(max-width: 1024px) 100vw, 1024px\" \/><\/p>\n<p>Entre las modificaciones del formato de esta edici\u00f3n 2020, la <strong>World Cup Gran Canaria Front\u00f3n King<\/strong> se celebra en este a\u00f1o <strong>sin p\u00fablico y con control de accesos<\/strong> a la zona, desinfecci\u00f3n, controles t\u00e9rmicos, se\u00f1al\u00e9tica espec\u00edfica, uso obligatorio de mascarilla, y grupos \u2018burbuja\u2019, entre otras medidas.<\/p>\n<p>La <strong>World Cup Gran Canaria Front\u00f3n King 2020<\/strong> est\u00e1 organizada por Epic Events, promovida por el <strong>Cabildo de Gran Canaria<\/strong> a trav\u00e9s del <strong>Patronato de Turismo del Cabildo de Gran Canaria<\/strong> y el <strong>Instituto Insular de Deportes<\/strong>, que vuelve a encuadrar esta prueba en su programa de <strong>Grandes Eventos Deportivos de Gran Canaria<\/strong>, as\u00ed como el <strong>Ayuntamiento de G\u00e1ldar<\/strong>, instituciones que han hecho posible consolidar esta prueba deportiva como un referente internacional en el mundo del bodyboard.\u00a0 Este evento cuenta con el patrocinio de <strong>Naviera Armas<\/strong>, <strong>NMD\/CO, Red Bull,<\/strong> y las firmas colaboradoras, <strong>Jacio GuestHouse, Sonocom Audiovisuales, Hydro Flask, Aguacana, Meduxa Mag <\/strong>y<strong> Vert Magazine.\u00a0\u00a0\u00a0\u00a0\u00a0<\/strong><\/p>\n<p>[:en]<br \/><strong>The World Cup Gran Canaria Front\u00f3n King starts tomorrow Sunday at 12:00. with the Canarian Television live from the renowned wave of El Front\u00f3n, in G\u00e1ldar G\u00e1ldar, Gran Canaria &#8211; October 17.<\/p>\n<p><\/strong> Everything ready for the World Cup Gran Canaria Front\u00f3n King. The competition starts this Sunday 18 with the best possible conditions and as the only professional bodyboard event, in the best wave in the world for the practice of this discipline. This event has been possible thanks to the implementation of a strict security and prevention protocol that makes it a safe event and with all the hygienic and sanitary measures against covid-19. For the first time at a national level, a professional bodyboarding championship is broadcast live on television, on Televisi\u00f3n Canaria from 12 noon to 1:30 p.m., which will record from G\u00e1ldar the start of the most anticipated competition in one of the most internationally recognized waves and that will be active until the 31st. For this, the organization has reinvented part of the event, so that the Front\u00f3n King is a reference for sports practice and a showcase to the world of Gran Canaria as a completely safe destination, open to tourism and that ensures a show with all health guarantees. In total, there will be 64 riders from all over the world who will face off in \u2018La Bestia\u2019 as the popular Galician wave is known in the open category. All of them have had their first contact with El Front\u00f3n today at the competitors&#8217; briefing, in which they have been informed of all the covid-19 measures, protocols and other details of the competition. Among the modifications to the format of this 2020 edition, the World Cup Gran Canaria Front\u00f3n King is held this year without public and with control of access to the area, disinfection, thermal controls, specific signage, mandatory use of a mask, and &#8216;bubble groups &#8216;, among other measures.<br \/><img fetchpriority=\"high\" decoding=\"async\" class=\"aligncenter size-large wp-image-6148\" src=\"https:\/\/frontonking.com\/wp-content\/uploads\/2020\/10\/FOTO-DIA-0-WCGC-FRONTON-KING-mpg17oct2020-1-1024x683.jpeg\" alt=\"\" width=\"1024\" height=\"683\" srcset=\"https:\/\/frontonking.com\/wp-content\/uploads\/2020\/10\/FOTO-DIA-0-WCGC-FRONTON-KING-mpg17oct2020-1-1024x683.jpeg 1024w, https:\/\/frontonking.com\/wp-content\/uploads\/2020\/10\/FOTO-DIA-0-WCGC-FRONTON-KING-mpg17oct2020-1-scaled-600x400.jpeg 600w, https:\/\/frontonking.com\/wp-content\/uploads\/2020\/10\/FOTO-DIA-0-WCGC-FRONTON-KING-mpg17oct2020-1-300x200.jpeg 300w, https:\/\/frontonking.com\/wp-content\/uploads\/2020\/10\/FOTO-DIA-0-WCGC-FRONTON-KING-mpg17oct2020-1-768x512.jpeg 768w, https:\/\/frontonking.com\/wp-content\/uploads\/2020\/10\/FOTO-DIA-0-WCGC-FRONTON-KING-mpg17oct2020-1-1536x1024.jpeg 1536w, https:\/\/frontonking.com\/wp-content\/uploads\/2020\/10\/FOTO-DIA-0-WCGC-FRONTON-KING-mpg17oct2020-1-2048x1365.jpeg 2048w, https:\/\/frontonking.com\/wp-content\/uploads\/2020\/10\/FOTO-DIA-0-WCGC-FRONTON-KING-mpg17oct2020-1-825x550.jpeg 825w, https:\/\/frontonking.com\/wp-content\/uploads\/2020\/10\/FOTO-DIA-0-WCGC-FRONTON-KING-mpg17oct2020-1-825x550@2x.jpeg 1650w\" sizes=\"(max-width: 1024px) 100vw, 1024px\" \/><\/p>\n<p id=\"tw-target-text\" class=\"tw-data-text tw-text-large XcVN5d tw-ta\" dir=\"ltr\" data-placeholder=\"Traducci\u00f3n\"><span lang=\"en\">The World Cup Gran Canaria Front\u00f3n King 2020 is organized by Epic Events, promoted by the Cabildo de Gran Canaria through the Tourist Board of the Cabildo de Gran Canaria and the Insular Sports Institute, which once again includes this test in its program of Large Sports Events of Gran Canaria, as well as the City Council of G\u00e1ldar, institutions that have made it possible to consolidate this sporting event as an international benchmark in the world of bodyboarding. This event is sponsored by Naviera Armas, NMD \/ CO, Red Bull, and the collaborating firms, Jacio GuestHouse, Sonocom Audiovisuales, Hydro Flask, Aguacana, Meduxa Mag and Vert Magazine.<br \/><img decoding=\"async\" class=\"aligncenter size-large wp-image-6149\" src=\"https:\/\/frontonking.com\/wp-content\/uploads\/2020\/10\/FOTO-DIA-0-WCGC-FRONTON-KING-mpg17oct2020-2-1024x683.jpeg\" alt=\"\" width=\"1024\" height=\"683\" srcset=\"https:\/\/frontonking.com\/wp-content\/uploads\/2020\/10\/FOTO-DIA-0-WCGC-FRONTON-KING-mpg17oct2020-2-1024x683.jpeg 1024w, https:\/\/frontonking.com\/wp-content\/uploads\/2020\/10\/FOTO-DIA-0-WCGC-FRONTON-KING-mpg17oct2020-2-scaled-600x400.jpeg 600w, https:\/\/frontonking.com\/wp-content\/uploads\/2020\/10\/FOTO-DIA-0-WCGC-FRONTON-KING-mpg17oct2020-2-300x200.jpeg 300w, https:\/\/frontonking.com\/wp-content\/uploads\/2020\/10\/FOTO-DIA-0-WCGC-FRONTON-KING-mpg17oct2020-2-768x512.jpeg 768w, https:\/\/frontonking.com\/wp-content\/uploads\/2020\/10\/FOTO-DIA-0-WCGC-FRONTON-KING-mpg17oct2020-2-1536x1024.jpeg 1536w, https:\/\/frontonking.com\/wp-content\/uploads\/2020\/10\/FOTO-DIA-0-WCGC-FRONTON-KING-mpg17oct2020-2-2048x1365.jpeg 2048w, https:\/\/frontonking.com\/wp-content\/uploads\/2020\/10\/FOTO-DIA-0-WCGC-FRONTON-KING-mpg17oct2020-2-825x550.jpeg 825w, https:\/\/frontonking.com\/wp-content\/uploads\/2020\/10\/FOTO-DIA-0-WCGC-FRONTON-KING-mpg17oct2020-2-825x550@2x.jpeg 1650w\" sizes=\"(max-width: 1024px) 100vw, 1024px\" \/><br \/><\/span><\/p>\n<p>[:]<\/p>\n","protected":false},"excerpt":{"rendered":"<p>[:es] &nbsp; La World Cup Gran Canaria Front\u00f3n King arranca ma\u00f1ana domingo a las 12:00 h. con la Televisi\u00f3n Canaria en directo desde la reconocida ola de El Front\u00f3n, en G\u00e1ldar &nbsp; G\u00e1ldar, Gran Canaria \u2013 17 octubre. Todo listo para la World Cup Gran Canaria Front\u00f3n King. La competici\u00f3n arranca este domingo 18 con [&hellip;]<\/p>\n","protected":false},"author":1,"featured_media":6149,"comment_status":"closed","ping_status":"open","sticky":false,"template":"","format":"standard","meta":{"footnotes":""},"categories":[181,1],"tags":[188,189,194,195,186,191,185,192,187,193],"class_list":["post-6147","post","type-post","status-publish","format-standard","has-post-thumbnail","hentry","category-novedades","category-sin-categoria","tag-bodyboard","tag-bodyboarding","tag-campeones-del-mundo","tag-champion","tag-fronton","tag-fronton-king-2019","tag-gran-canaria","tag-gran-canaria-deportes","tag-wave","tag-world-tittle"],"yoast_head":"<!-- This site is optimized with the Yoast SEO plugin v27.5 - https:\/\/yoast.com\/product\/yoast-seo-wordpress\/ -->\n<title>[:es]Lleg\u00f3 la hora del Front\u00f3n King 2020[:en]It&#039;s time for the King Fronton[:] - Gran Canaria Fronton King<\/title>\n<meta name=\"robots\" content=\"index, follow, max-snippet:-1, max-image-preview:large, max-video-preview:-1\" \/>\n<link rel=\"canonical\" href=\"https:\/\/frontonking.com\/en\/gran-canaria-fronton-king-2018-pro-confirmado-2-2-2-2-2-2-2-2-2-2-2-2-2-3\/\" \/>\n<meta property=\"og:locale\" content=\"en_GB\" \/>\n<meta property=\"og:type\" content=\"article\" \/>\n<meta property=\"og:title\" content=\"[:es]Lleg\u00f3 la hora del Front\u00f3n King 2020[:en]It&#039;s time for the King Fronton[:] - Gran Canaria Fronton King\" \/>\n<meta property=\"og:description\" content=\"[:es] &nbsp; La World Cup Gran Canaria Front\u00f3n King arranca ma\u00f1ana domingo a las 12:00 h. con la Televisi\u00f3n Canaria en directo desde la reconocida ola de El Front\u00f3n, en G\u00e1ldar &nbsp; G\u00e1ldar, Gran Canaria \u2013 17 octubre. Todo listo para la World Cup Gran Canaria Front\u00f3n King. La competici\u00f3n arranca este domingo 18 con [&hellip;]\" \/>\n<meta property=\"og:url\" content=\"https:\/\/frontonking.com\/en\/gran-canaria-fronton-king-2018-pro-confirmado-2-2-2-2-2-2-2-2-2-2-2-2-2-3\/\" \/>\n<meta property=\"og:site_name\" content=\"Gran Canaria Fronton King\" \/>\n<meta property=\"article:published_time\" content=\"2020-10-17T22:44:08+00:00\" \/>\n<meta property=\"article:modified_time\" content=\"2024-10-08T18:55:05+00:00\" \/>\n<meta property=\"og:image\" content=\"https:\/\/frontonking.com\/wp-content\/uploads\/2020\/10\/FOTO-DIA-0-WCGC-FRONTON-KING-mpg17oct2020-2-scaled.jpeg\" \/>\n\t<meta property=\"og:image:width\" content=\"2560\" \/>\n\t<meta property=\"og:image:height\" content=\"1706\" \/>\n\t<meta property=\"og:image:type\" content=\"image\/jpeg\" \/>\n<meta name=\"author\" content=\"DANIEL\" \/>\n<meta name=\"twitter:card\" content=\"summary_large_image\" \/>\n<meta name=\"twitter:label1\" content=\"Written by\" \/>\n\t<meta name=\"twitter:data1\" content=\"DANIEL\" \/>\n\t<meta name=\"twitter:label2\" content=\"Estimated reading time\" \/>\n\t<meta name=\"twitter:data2\" content=\"4 minutes\" \/>\n<script type=\"application\/ld+json\" class=\"yoast-schema-graph\">{\"@context\":\"https:\\\/\\\/schema.org\",\"@graph\":[{\"@type\":\"Article\",\"@id\":\"https:\\\/\\\/frontonking.com\\\/en\\\/gran-canaria-fronton-king-2018-pro-confirmado-2-2-2-2-2-2-2-2-2-2-2-2-2-3\\\/#article\",\"isPartOf\":{\"@id\":\"https:\\\/\\\/frontonking.com\\\/en\\\/gran-canaria-fronton-king-2018-pro-confirmado-2-2-2-2-2-2-2-2-2-2-2-2-2-3\\\/\"},\"author\":{\"name\":\"DANIEL\",\"@id\":\"https:\\\/\\\/frontonking.com\\\/#\\\/schema\\\/person\\\/daecc8af58b09f31391037619e891a0e\"},\"headline\":\"[:es]Lleg\u00f3 la hora del Front\u00f3n King 2020[:en]It&#8217;s time for the King Fronton[:]\",\"datePublished\":\"2020-10-17T22:44:08+00:00\",\"dateModified\":\"2024-10-08T18:55:05+00:00\",\"mainEntityOfPage\":{\"@id\":\"https:\\\/\\\/frontonking.com\\\/en\\\/gran-canaria-fronton-king-2018-pro-confirmado-2-2-2-2-2-2-2-2-2-2-2-2-2-3\\\/\"},\"wordCount\":912,\"publisher\":{\"@id\":\"https:\\\/\\\/frontonking.com\\\/#organization\"},\"image\":{\"@id\":\"https:\\\/\\\/frontonking.com\\\/en\\\/gran-canaria-fronton-king-2018-pro-confirmado-2-2-2-2-2-2-2-2-2-2-2-2-2-3\\\/#primaryimage\"},\"thumbnailUrl\":\"https:\\\/\\\/frontonking.com\\\/wp-content\\\/uploads\\\/2020\\\/10\\\/FOTO-DIA-0-WCGC-FRONTON-KING-mpg17oct2020-2-scaled.jpeg\",\"keywords\":[\"bodyboard\",\"bodyboarding\",\"campeones del mundo\",\"champion\",\"fronton\",\"fronton king 2019\",\"gran canaria\",\"gran canaria deportes\",\"wave\",\"world tittle\"],\"articleSection\":[\"Novedades\",\"Sin categor\u00eda\"],\"inLanguage\":\"en-GB\"},{\"@type\":\"WebPage\",\"@id\":\"https:\\\/\\\/frontonking.com\\\/en\\\/gran-canaria-fronton-king-2018-pro-confirmado-2-2-2-2-2-2-2-2-2-2-2-2-2-3\\\/\",\"url\":\"https:\\\/\\\/frontonking.com\\\/en\\\/gran-canaria-fronton-king-2018-pro-confirmado-2-2-2-2-2-2-2-2-2-2-2-2-2-3\\\/\",\"name\":\"[:es]Lleg\u00f3 la hora del Front\u00f3n King 2020[:en]It's time for the King Fronton[:] - Gran Canaria Fronton King\",\"isPartOf\":{\"@id\":\"https:\\\/\\\/frontonking.com\\\/#website\"},\"primaryImageOfPage\":{\"@id\":\"https:\\\/\\\/frontonking.com\\\/en\\\/gran-canaria-fronton-king-2018-pro-confirmado-2-2-2-2-2-2-2-2-2-2-2-2-2-3\\\/#primaryimage\"},\"image\":{\"@id\":\"https:\\\/\\\/frontonking.com\\\/en\\\/gran-canaria-fronton-king-2018-pro-confirmado-2-2-2-2-2-2-2-2-2-2-2-2-2-3\\\/#primaryimage\"},\"thumbnailUrl\":\"https:\\\/\\\/frontonking.com\\\/wp-content\\\/uploads\\\/2020\\\/10\\\/FOTO-DIA-0-WCGC-FRONTON-KING-mpg17oct2020-2-scaled.jpeg\",\"datePublished\":\"2020-10-17T22:44:08+00:00\",\"dateModified\":\"2024-10-08T18:55:05+00:00\",\"breadcrumb\":{\"@id\":\"https:\\\/\\\/frontonking.com\\\/en\\\/gran-canaria-fronton-king-2018-pro-confirmado-2-2-2-2-2-2-2-2-2-2-2-2-2-3\\\/#breadcrumb\"},\"inLanguage\":\"en-GB\",\"potentialAction\":[{\"@type\":\"ReadAction\",\"target\":[\"https:\\\/\\\/frontonking.com\\\/en\\\/gran-canaria-fronton-king-2018-pro-confirmado-2-2-2-2-2-2-2-2-2-2-2-2-2-3\\\/\"]}]},{\"@type\":\"ImageObject\",\"inLanguage\":\"en-GB\",\"@id\":\"https:\\\/\\\/frontonking.com\\\/en\\\/gran-canaria-fronton-king-2018-pro-confirmado-2-2-2-2-2-2-2-2-2-2-2-2-2-3\\\/#primaryimage\",\"url\":\"https:\\\/\\\/frontonking.com\\\/wp-content\\\/uploads\\\/2020\\\/10\\\/FOTO-DIA-0-WCGC-FRONTON-KING-mpg17oct2020-2-scaled.jpeg\",\"contentUrl\":\"https:\\\/\\\/frontonking.com\\\/wp-content\\\/uploads\\\/2020\\\/10\\\/FOTO-DIA-0-WCGC-FRONTON-KING-mpg17oct2020-2-scaled.jpeg\",\"width\":2560,\"height\":1706},{\"@type\":\"BreadcrumbList\",\"@id\":\"https:\\\/\\\/frontonking.com\\\/en\\\/gran-canaria-fronton-king-2018-pro-confirmado-2-2-2-2-2-2-2-2-2-2-2-2-2-3\\\/#breadcrumb\",\"itemListElement\":[{\"@type\":\"ListItem\",\"position\":1,\"name\":\"Portada\",\"item\":\"https:\\\/\\\/frontonking.com\\\/\"},{\"@type\":\"ListItem\",\"position\":2,\"name\":\"[:es]Lleg\u00f3 la hora del Front\u00f3n King 2020[:en]It&#8217;s time for the King Fronton[:]\"}]},{\"@type\":\"WebSite\",\"@id\":\"https:\\\/\\\/frontonking.com\\\/#website\",\"url\":\"https:\\\/\\\/frontonking.com\\\/\",\"name\":\"Gran Canaria Fronton King\",\"description\":\"The Gran Canaria Fronton King Pro is the best bodyboarding competition in the world\",\"publisher\":{\"@id\":\"https:\\\/\\\/frontonking.com\\\/#organization\"},\"potentialAction\":[{\"@type\":\"SearchAction\",\"target\":{\"@type\":\"EntryPoint\",\"urlTemplate\":\"https:\\\/\\\/frontonking.com\\\/?s={search_term_string}\"},\"query-input\":{\"@type\":\"PropertyValueSpecification\",\"valueRequired\":true,\"valueName\":\"search_term_string\"}}],\"inLanguage\":\"en-GB\"},{\"@type\":\"Organization\",\"@id\":\"https:\\\/\\\/frontonking.com\\\/#organization\",\"name\":\"Gran Canaria Fronton King\",\"url\":\"https:\\\/\\\/frontonking.com\\\/\",\"logo\":{\"@type\":\"ImageObject\",\"inLanguage\":\"en-GB\",\"@id\":\"https:\\\/\\\/frontonking.com\\\/#\\\/schema\\\/logo\\\/image\\\/\",\"url\":\"https:\\\/\\\/frontonking.com\\\/wp-content\\\/uploads\\\/2025\\\/08\\\/cropped-LOGO25_300px.png\",\"contentUrl\":\"https:\\\/\\\/frontonking.com\\\/wp-content\\\/uploads\\\/2025\\\/08\\\/cropped-LOGO25_300px.png\",\"width\":300,\"height\":227,\"caption\":\"Gran Canaria Fronton King\"},\"image\":{\"@id\":\"https:\\\/\\\/frontonking.com\\\/#\\\/schema\\\/logo\\\/image\\\/\"}},{\"@type\":\"Person\",\"@id\":\"https:\\\/\\\/frontonking.com\\\/#\\\/schema\\\/person\\\/daecc8af58b09f31391037619e891a0e\",\"name\":\"DANIEL\",\"image\":{\"@type\":\"ImageObject\",\"inLanguage\":\"en-GB\",\"@id\":\"https:\\\/\\\/secure.gravatar.com\\\/avatar\\\/77cfdfb80ebea6d19deee660621b9b34dc8938e750e52d382160034464c651a0?s=96&d=mm&r=g\",\"url\":\"https:\\\/\\\/secure.gravatar.com\\\/avatar\\\/77cfdfb80ebea6d19deee660621b9b34dc8938e750e52d382160034464c651a0?s=96&d=mm&r=g\",\"contentUrl\":\"https:\\\/\\\/secure.gravatar.com\\\/avatar\\\/77cfdfb80ebea6d19deee660621b9b34dc8938e750e52d382160034464c651a0?s=96&d=mm&r=g\",\"caption\":\"DANIEL\"},\"sameAs\":[\"https:\\\/\\\/frontonking.com\"],\"url\":\"https:\\\/\\\/frontonking.com\\\/en\\\/author\\\/admin_frontonking\\\/\"}]}<\/script>\n<!-- \/ Yoast SEO plugin. -->","yoast_head_json":{"title":"[:es]Lleg\u00f3 la hora del Front\u00f3n King 2020[:en]It's time for the King Fronton[:] - Gran Canaria Fronton King","robots":{"index":"index","follow":"follow","max-snippet":"max-snippet:-1","max-image-preview":"max-image-preview:large","max-video-preview":"max-video-preview:-1"},"canonical":"https:\/\/frontonking.com\/en\/gran-canaria-fronton-king-2018-pro-confirmado-2-2-2-2-2-2-2-2-2-2-2-2-2-3\/","og_locale":"en_GB","og_type":"article","og_title":"[:es]Lleg\u00f3 la hora del Front\u00f3n King 2020[:en]It's time for the King Fronton[:] - Gran Canaria Fronton King","og_description":"[:es] &nbsp; La World Cup Gran Canaria Front\u00f3n King arranca ma\u00f1ana domingo a las 12:00 h. con la Televisi\u00f3n Canaria en directo desde la reconocida ola de El Front\u00f3n, en G\u00e1ldar &nbsp; G\u00e1ldar, Gran Canaria \u2013 17 octubre. Todo listo para la World Cup Gran Canaria Front\u00f3n King. La competici\u00f3n arranca este domingo 18 con [&hellip;]","og_url":"https:\/\/frontonking.com\/en\/gran-canaria-fronton-king-2018-pro-confirmado-2-2-2-2-2-2-2-2-2-2-2-2-2-3\/","og_site_name":"Gran Canaria Fronton King","article_published_time":"2020-10-17T22:44:08+00:00","article_modified_time":"2024-10-08T18:55:05+00:00","og_image":[{"width":2560,"height":1706,"url":"https:\/\/frontonking.com\/wp-content\/uploads\/2020\/10\/FOTO-DIA-0-WCGC-FRONTON-KING-mpg17oct2020-2-scaled.jpeg","type":"image\/jpeg"}],"author":"DANIEL","twitter_card":"summary_large_image","twitter_misc":{"Written by":"DANIEL","Estimated reading time":"4 minutes"},"schema":{"@context":"https:\/\/schema.org","@graph":[{"@type":"Article","@id":"https:\/\/frontonking.com\/en\/gran-canaria-fronton-king-2018-pro-confirmado-2-2-2-2-2-2-2-2-2-2-2-2-2-3\/#article","isPartOf":{"@id":"https:\/\/frontonking.com\/en\/gran-canaria-fronton-king-2018-pro-confirmado-2-2-2-2-2-2-2-2-2-2-2-2-2-3\/"},"author":{"name":"DANIEL","@id":"https:\/\/frontonking.com\/#\/schema\/person\/daecc8af58b09f31391037619e891a0e"},"headline":"[:es]Lleg\u00f3 la hora del Front\u00f3n King 2020[:en]It&#8217;s time for the King Fronton[:]","datePublished":"2020-10-17T22:44:08+00:00","dateModified":"2024-10-08T18:55:05+00:00","mainEntityOfPage":{"@id":"https:\/\/frontonking.com\/en\/gran-canaria-fronton-king-2018-pro-confirmado-2-2-2-2-2-2-2-2-2-2-2-2-2-3\/"},"wordCount":912,"publisher":{"@id":"https:\/\/frontonking.com\/#organization"},"image":{"@id":"https:\/\/frontonking.com\/en\/gran-canaria-fronton-king-2018-pro-confirmado-2-2-2-2-2-2-2-2-2-2-2-2-2-3\/#primaryimage"},"thumbnailUrl":"https:\/\/frontonking.com\/wp-content\/uploads\/2020\/10\/FOTO-DIA-0-WCGC-FRONTON-KING-mpg17oct2020-2-scaled.jpeg","keywords":["bodyboard","bodyboarding","campeones del mundo","champion","fronton","fronton king 2019","gran canaria","gran canaria deportes","wave","world tittle"],"articleSection":["Novedades","Sin categor\u00eda"],"inLanguage":"en-GB"},{"@type":"WebPage","@id":"https:\/\/frontonking.com\/en\/gran-canaria-fronton-king-2018-pro-confirmado-2-2-2-2-2-2-2-2-2-2-2-2-2-3\/","url":"https:\/\/frontonking.com\/en\/gran-canaria-fronton-king-2018-pro-confirmado-2-2-2-2-2-2-2-2-2-2-2-2-2-3\/","name":"[:es]Lleg\u00f3 la hora del Front\u00f3n King 2020[:en]It's time for the King Fronton[:] - Gran Canaria Fronton King","isPartOf":{"@id":"https:\/\/frontonking.com\/#website"},"primaryImageOfPage":{"@id":"https:\/\/frontonking.com\/en\/gran-canaria-fronton-king-2018-pro-confirmado-2-2-2-2-2-2-2-2-2-2-2-2-2-3\/#primaryimage"},"image":{"@id":"https:\/\/frontonking.com\/en\/gran-canaria-fronton-king-2018-pro-confirmado-2-2-2-2-2-2-2-2-2-2-2-2-2-3\/#primaryimage"},"thumbnailUrl":"https:\/\/frontonking.com\/wp-content\/uploads\/2020\/10\/FOTO-DIA-0-WCGC-FRONTON-KING-mpg17oct2020-2-scaled.jpeg","datePublished":"2020-10-17T22:44:08+00:00","dateModified":"2024-10-08T18:55:05+00:00","breadcrumb":{"@id":"https:\/\/frontonking.com\/en\/gran-canaria-fronton-king-2018-pro-confirmado-2-2-2-2-2-2-2-2-2-2-2-2-2-3\/#breadcrumb"},"inLanguage":"en-GB","potentialAction":[{"@type":"ReadAction","target":["https:\/\/frontonking.com\/en\/gran-canaria-fronton-king-2018-pro-confirmado-2-2-2-2-2-2-2-2-2-2-2-2-2-3\/"]}]},{"@type":"ImageObject","inLanguage":"en-GB","@id":"https:\/\/frontonking.com\/en\/gran-canaria-fronton-king-2018-pro-confirmado-2-2-2-2-2-2-2-2-2-2-2-2-2-3\/#primaryimage","url":"https:\/\/frontonking.com\/wp-content\/uploads\/2020\/10\/FOTO-DIA-0-WCGC-FRONTON-KING-mpg17oct2020-2-scaled.jpeg","contentUrl":"https:\/\/frontonking.com\/wp-content\/uploads\/2020\/10\/FOTO-DIA-0-WCGC-FRONTON-KING-mpg17oct2020-2-scaled.jpeg","width":2560,"height":1706},{"@type":"BreadcrumbList","@id":"https:\/\/frontonking.com\/en\/gran-canaria-fronton-king-2018-pro-confirmado-2-2-2-2-2-2-2-2-2-2-2-2-2-3\/#breadcrumb","itemListElement":[{"@type":"ListItem","position":1,"name":"Portada","item":"https:\/\/frontonking.com\/"},{"@type":"ListItem","position":2,"name":"[:es]Lleg\u00f3 la hora del Front\u00f3n King 2020[:en]It&#8217;s time for the King Fronton[:]"}]},{"@type":"WebSite","@id":"https:\/\/frontonking.com\/#website","url":"https:\/\/frontonking.com\/","name":"Gran Canaria Fronton King","description":"The Gran Canaria Fronton King Pro is the best bodyboarding competition in the world","publisher":{"@id":"https:\/\/frontonking.com\/#organization"},"potentialAction":[{"@type":"SearchAction","target":{"@type":"EntryPoint","urlTemplate":"https:\/\/frontonking.com\/?s={search_term_string}"},"query-input":{"@type":"PropertyValueSpecification","valueRequired":true,"valueName":"search_term_string"}}],"inLanguage":"en-GB"},{"@type":"Organization","@id":"https:\/\/frontonking.com\/#organization","name":"Gran Canaria Fronton King","url":"https:\/\/frontonking.com\/","logo":{"@type":"ImageObject","inLanguage":"en-GB","@id":"https:\/\/frontonking.com\/#\/schema\/logo\/image\/","url":"https:\/\/frontonking.com\/wp-content\/uploads\/2025\/08\/cropped-LOGO25_300px.png","contentUrl":"https:\/\/frontonking.com\/wp-content\/uploads\/2025\/08\/cropped-LOGO25_300px.png","width":300,"height":227,"caption":"Gran Canaria Fronton King"},"image":{"@id":"https:\/\/frontonking.com\/#\/schema\/logo\/image\/"}},{"@type":"Person","@id":"https:\/\/frontonking.com\/#\/schema\/person\/daecc8af58b09f31391037619e891a0e","name":"DANIEL","image":{"@type":"ImageObject","inLanguage":"en-GB","@id":"https:\/\/secure.gravatar.com\/avatar\/77cfdfb80ebea6d19deee660621b9b34dc8938e750e52d382160034464c651a0?s=96&d=mm&r=g","url":"https:\/\/secure.gravatar.com\/avatar\/77cfdfb80ebea6d19deee660621b9b34dc8938e750e52d382160034464c651a0?s=96&d=mm&r=g","contentUrl":"https:\/\/secure.gravatar.com\/avatar\/77cfdfb80ebea6d19deee660621b9b34dc8938e750e52d382160034464c651a0?s=96&d=mm&r=g","caption":"DANIEL"},"sameAs":["https:\/\/frontonking.com"],"url":"https:\/\/frontonking.com\/en\/author\/admin_frontonking\/"}]}},"_links":{"self":[{"href":"https:\/\/frontonking.com\/en\/wp-json\/wp\/v2\/posts\/6147","targetHints":{"allow":["GET"]}}],"collection":[{"href":"https:\/\/frontonking.com\/en\/wp-json\/wp\/v2\/posts"}],"about":[{"href":"https:\/\/frontonking.com\/en\/wp-json\/wp\/v2\/types\/post"}],"author":[{"embeddable":true,"href":"https:\/\/frontonking.com\/en\/wp-json\/wp\/v2\/users\/1"}],"replies":[{"embeddable":true,"href":"https:\/\/frontonking.com\/en\/wp-json\/wp\/v2\/comments?post=6147"}],"version-history":[{"count":1,"href":"https:\/\/frontonking.com\/en\/wp-json\/wp\/v2\/posts\/6147\/revisions"}],"predecessor-version":[{"id":9695,"href":"https:\/\/frontonking.com\/en\/wp-json\/wp\/v2\/posts\/6147\/revisions\/9695"}],"wp:featuredmedia":[{"embeddable":true,"href":"https:\/\/frontonking.com\/en\/wp-json\/wp\/v2\/media\/6149"}],"wp:attachment":[{"href":"https:\/\/frontonking.com\/en\/wp-json\/wp\/v2\/media?parent=6147"}],"wp:term":[{"taxonomy":"category","embeddable":true,"href":"https:\/\/frontonking.com\/en\/wp-json\/wp\/v2\/categories?post=6147"},{"taxonomy":"post_tag","embeddable":true,"href":"https:\/\/frontonking.com\/en\/wp-json\/wp\/v2\/tags?post=6147"}],"curies":[{"name":"wp","href":"https:\/\/api.w.org\/{rel}","templated":true}]}}