{"id":6171,"date":"2020-10-19T18:18:51","date_gmt":"2020-10-19T18:18:51","guid":{"rendered":"https:\/\/frontonking.com\/?p=6171"},"modified":"2024-10-08T19:55:05","modified_gmt":"2024-10-08T18:55:05","slug":"gran-canaria-fronton-king-2018-pro-confirmado-2-2-2-2-2-2-2-2-2-2-2-2-2-3-2","status":"publish","type":"post","link":"https:\/\/frontonking.com\/en\/gran-canaria-fronton-king-2018-pro-confirmado-2-2-2-2-2-2-2-2-2-2-2-2-2-3-2\/","title":{"rendered":"[:es]Las primeras olas ya rompen en El Front\u00f3n[:en]First waves at El Front\u00f3n[:]"},"content":{"rendered":"<p>[:es]<strong>Comienza la World Cup Gran Canaria Front\u00f3n King 2020 en G\u00e1ldar,<\/strong><br \/><strong>con la representaci\u00f3n canaria marcando la diferencia<\/strong><\/p>\n<p>La <strong>World Cup Gran Canaria Front\u00f3n King <\/strong>ha arrancado con el mejor espect\u00e1culo de bodyboard del mundo y las <strong>primeras 16 mangas de categor\u00eda open y 3 en categor\u00eda femenina<\/strong>. Con las condiciones \u00f3ptimas para la pr\u00e1ctica deportiva y un <strong>cielo azul de verano<\/strong> en pleno mes de octubre, \u2018La Bestia\u2019 ha vuelto a rugir en este enclave galdense para poner a prueba las mejores maniobras de los 64 riders que compiten en esta edici\u00f3n, totalmente segura y con un <strong>protocolo exigente<\/strong> para cumplir con todas las garant\u00edas sanitarias e higi\u00e9nicas frente a la covid-19.<\/p>\n<p><img fetchpriority=\"high\" decoding=\"async\" class=\"aligncenter size-large wp-image-6173\" src=\"https:\/\/frontonking.com\/wp-content\/uploads\/2020\/10\/FOTO-4-DIA-1-FRONTON-KING-mpg-18oct2020_Ambiente-1024x683.jpg\" alt=\"\" width=\"1024\" height=\"683\" srcset=\"https:\/\/frontonking.com\/wp-content\/uploads\/2020\/10\/FOTO-4-DIA-1-FRONTON-KING-mpg-18oct2020_Ambiente-1024x683.jpg 1024w, https:\/\/frontonking.com\/wp-content\/uploads\/2020\/10\/FOTO-4-DIA-1-FRONTON-KING-mpg-18oct2020_Ambiente-scaled-600x400.jpg 600w, https:\/\/frontonking.com\/wp-content\/uploads\/2020\/10\/FOTO-4-DIA-1-FRONTON-KING-mpg-18oct2020_Ambiente-300x200.jpg 300w, https:\/\/frontonking.com\/wp-content\/uploads\/2020\/10\/FOTO-4-DIA-1-FRONTON-KING-mpg-18oct2020_Ambiente-768x512.jpg 768w, https:\/\/frontonking.com\/wp-content\/uploads\/2020\/10\/FOTO-4-DIA-1-FRONTON-KING-mpg-18oct2020_Ambiente-1536x1024.jpg 1536w, https:\/\/frontonking.com\/wp-content\/uploads\/2020\/10\/FOTO-4-DIA-1-FRONTON-KING-mpg-18oct2020_Ambiente-2048x1365.jpg 2048w, https:\/\/frontonking.com\/wp-content\/uploads\/2020\/10\/FOTO-4-DIA-1-FRONTON-KING-mpg-18oct2020_Ambiente-825x550.jpg 825w, https:\/\/frontonking.com\/wp-content\/uploads\/2020\/10\/FOTO-4-DIA-1-FRONTON-KING-mpg-18oct2020_Ambiente-825x550@2x.jpg 1650w\" sizes=\"(max-width: 1024px) 100vw, 1024px\" \/><br \/>En esta primera jornada, chicos y chicas han probado la potente ola de El Front\u00f3n con unas primeras mangas <strong>llenas de espect\u00e1culo y maniobras de infarto<\/strong>, olas incre\u00edbles que fueron escenario de tubos, 360, blackflip y saltos sobre la cresta de locales e internacionales en un domingo a 25 grados marcado por la sana deportividad.<br \/><img decoding=\"async\" class=\"aligncenter size-large wp-image-6172\" src=\"https:\/\/frontonking.com\/wp-content\/uploads\/2020\/10\/FOTO-3-DIA-1-FRONTON-KING-mp-g-18oct2020_Jonathan-Vega-1024x683.jpg\" alt=\"\" width=\"1024\" height=\"683\" srcset=\"https:\/\/frontonking.com\/wp-content\/uploads\/2020\/10\/FOTO-3-DIA-1-FRONTON-KING-mp-g-18oct2020_Jonathan-Vega-1024x683.jpg 1024w, https:\/\/frontonking.com\/wp-content\/uploads\/2020\/10\/FOTO-3-DIA-1-FRONTON-KING-mp-g-18oct2020_Jonathan-Vega-scaled-600x400.jpg 600w, https:\/\/frontonking.com\/wp-content\/uploads\/2020\/10\/FOTO-3-DIA-1-FRONTON-KING-mp-g-18oct2020_Jonathan-Vega-300x200.jpg 300w, https:\/\/frontonking.com\/wp-content\/uploads\/2020\/10\/FOTO-3-DIA-1-FRONTON-KING-mp-g-18oct2020_Jonathan-Vega-768x512.jpg 768w, https:\/\/frontonking.com\/wp-content\/uploads\/2020\/10\/FOTO-3-DIA-1-FRONTON-KING-mp-g-18oct2020_Jonathan-Vega-1536x1024.jpg 1536w, https:\/\/frontonking.com\/wp-content\/uploads\/2020\/10\/FOTO-3-DIA-1-FRONTON-KING-mp-g-18oct2020_Jonathan-Vega-2048x1365.jpg 2048w, https:\/\/frontonking.com\/wp-content\/uploads\/2020\/10\/FOTO-3-DIA-1-FRONTON-KING-mp-g-18oct2020_Jonathan-Vega-825x550.jpg 825w, https:\/\/frontonking.com\/wp-content\/uploads\/2020\/10\/FOTO-3-DIA-1-FRONTON-KING-mp-g-18oct2020_Jonathan-Vega-825x550@2x.jpg 1650w\" sizes=\"(max-width: 1024px) 100vw, 1024px\" \/><\/p>\n<p><strong>Argentina, Chile, Colombia, Portugal, Irlanda, Reino Unido, Venezuela, Per\u00fa, Francia y Marruecos<\/strong> han sido solo algunos de los pa\u00edses que han contado con representaci\u00f3n en la jornada inaugural de El Front\u00f3n, que lleva este rinc\u00f3n de la costa de G\u00e1ldar a lo largo de todo el globo a trav\u00e9s del deporte.<\/p>\n<p>Arrancaron la ma\u00f1ana los riders en categor\u00eda open, en una primera acci\u00f3n inaugurada por el franc\u00e9s <strong>Maxime Castillo<\/strong>, que lider\u00f3 la manga con una victoria ajustada al local <strong>Gabriel Molina y Pablo Hern\u00e1ndez<\/strong>.\u00a0 Probaron tambi\u00e9n la ola galdense varios de los riders m\u00e1s reconocidos de este campeonato, como <strong>Guillermo Cobo<\/strong> con 9,90 puntos, <strong>Jonathan Vega<\/strong> con dos olas destacadas que le pusieron a la cabeza de su manga, una gran actuaci\u00f3n en el agua de <strong>Borja Granados<\/strong> con un 7,5 y un 6 en sus mejores olas y una manga que puso en jaque a <strong>Aitor Ojeda<\/strong> y <strong>Javier Dom\u00ednguez<\/strong> con una puntuaci\u00f3n muy cercana entre ambos.<\/p>\n<p><img decoding=\"async\" class=\"aligncenter size-large wp-image-6175\" src=\"https:\/\/frontonking.com\/wp-content\/uploads\/2020\/10\/FOTO-2-D\u00cdA-1-FRONT\u00d3N-KING-mpg-18oct2020_Ruben-Redondo-1024x683.jpg\" alt=\"\" width=\"1024\" height=\"683\" srcset=\"https:\/\/frontonking.com\/wp-content\/uploads\/2020\/10\/FOTO-2-D\u00cdA-1-FRONT\u00d3N-KING-mpg-18oct2020_Ruben-Redondo-1024x683.jpg 1024w, https:\/\/frontonking.com\/wp-content\/uploads\/2020\/10\/FOTO-2-D\u00cdA-1-FRONT\u00d3N-KING-mpg-18oct2020_Ruben-Redondo-scaled-600x400.jpg 600w, https:\/\/frontonking.com\/wp-content\/uploads\/2020\/10\/FOTO-2-D\u00cdA-1-FRONT\u00d3N-KING-mpg-18oct2020_Ruben-Redondo-300x200.jpg 300w, https:\/\/frontonking.com\/wp-content\/uploads\/2020\/10\/FOTO-2-D\u00cdA-1-FRONT\u00d3N-KING-mpg-18oct2020_Ruben-Redondo-768x512.jpg 768w, https:\/\/frontonking.com\/wp-content\/uploads\/2020\/10\/FOTO-2-D\u00cdA-1-FRONT\u00d3N-KING-mpg-18oct2020_Ruben-Redondo-1536x1024.jpg 1536w, https:\/\/frontonking.com\/wp-content\/uploads\/2020\/10\/FOTO-2-D\u00cdA-1-FRONT\u00d3N-KING-mpg-18oct2020_Ruben-Redondo-2048x1365.jpg 2048w, https:\/\/frontonking.com\/wp-content\/uploads\/2020\/10\/FOTO-2-D\u00cdA-1-FRONT\u00d3N-KING-mpg-18oct2020_Ruben-Redondo-825x550.jpg 825w, https:\/\/frontonking.com\/wp-content\/uploads\/2020\/10\/FOTO-2-D\u00cdA-1-FRONT\u00d3N-KING-mpg-18oct2020_Ruben-Redondo-825x550@2x.jpg 1650w\" sizes=\"(max-width: 1024px) 100vw, 1024px\" \/><\/p>\n<p>Brill\u00f3 en su enfrentamiento con \u2018La Bestia\u2019 el canario <strong>Omar Marrero<\/strong> con un 8 en un tubo perfecto y muy largo que puso en pie a los competidores que observaban la manga y levant\u00f3 aplausos entre los asistentes. La manga que encabez\u00f3 Marrero fue una de las m\u00e1s atractivas de la ma\u00f1ana, con 14 puntos para la maniobras de <strong>Samuel Brito<\/strong>, en un marcador solo superado por <strong>Eduardo Rodr\u00edguez<\/strong>, con dos olas de 7 y 7,6 que le dio la victoria de su manga.<\/p>\n<p><img loading=\"lazy\" decoding=\"async\" class=\"aligncenter size-large wp-image-6179\" src=\"https:\/\/frontonking.com\/wp-content\/uploads\/2020\/10\/FOTO-5-D\u00cdA-1-FRONT\u00d3N-KING-mpg-18oct2020_Bernardo-Jeronimo_2-1024x683.jpg\" alt=\"\" width=\"1024\" height=\"683\" srcset=\"https:\/\/frontonking.com\/wp-content\/uploads\/2020\/10\/FOTO-5-D\u00cdA-1-FRONT\u00d3N-KING-mpg-18oct2020_Bernardo-Jeronimo_2-1024x683.jpg 1024w, https:\/\/frontonking.com\/wp-content\/uploads\/2020\/10\/FOTO-5-D\u00cdA-1-FRONT\u00d3N-KING-mpg-18oct2020_Bernardo-Jeronimo_2-scaled-600x400.jpg 600w, https:\/\/frontonking.com\/wp-content\/uploads\/2020\/10\/FOTO-5-D\u00cdA-1-FRONT\u00d3N-KING-mpg-18oct2020_Bernardo-Jeronimo_2-300x200.jpg 300w, https:\/\/frontonking.com\/wp-content\/uploads\/2020\/10\/FOTO-5-D\u00cdA-1-FRONT\u00d3N-KING-mpg-18oct2020_Bernardo-Jeronimo_2-768x512.jpg 768w, https:\/\/frontonking.com\/wp-content\/uploads\/2020\/10\/FOTO-5-D\u00cdA-1-FRONT\u00d3N-KING-mpg-18oct2020_Bernardo-Jeronimo_2-1536x1024.jpg 1536w, https:\/\/frontonking.com\/wp-content\/uploads\/2020\/10\/FOTO-5-D\u00cdA-1-FRONT\u00d3N-KING-mpg-18oct2020_Bernardo-Jeronimo_2-2048x1365.jpg 2048w, https:\/\/frontonking.com\/wp-content\/uploads\/2020\/10\/FOTO-5-D\u00cdA-1-FRONT\u00d3N-KING-mpg-18oct2020_Bernardo-Jeronimo_2-825x550.jpg 825w, https:\/\/frontonking.com\/wp-content\/uploads\/2020\/10\/FOTO-5-D\u00cdA-1-FRONT\u00d3N-KING-mpg-18oct2020_Bernardo-Jeronimo_2-825x550@2x.jpg 1650w\" sizes=\"(max-width: 1024px) 100vw, 1024px\" \/><\/p>\n<p>Tambi\u00e9n estrenaron las primeras olas de esta prueba, \u00fanica de bodyboard profesional que se celebra, algunos de los ganadores de ediciones anteriores en su escalada al t\u00edtulo, como <strong>William Luj\u00e1n, Dailos Rodr\u00edguez, Dailos Rodr\u00edguez, Alex Sebastian, Daute Perdomo,<\/strong> el tres veces Rey del Front\u00f3n, <strong>Amaury Lavernhe<\/strong>, o el tambi\u00e9n franc\u00e9s <strong>Pierre Louis Cost\u00e9s<\/strong> que en la edici\u00f3n pasada protagoniz\u00f3 una final que se decidi\u00f3 en los \u00faltimos minutos.\u00a0<\/p>\n<p>&nbsp;<\/p>\n<p>Esta edici\u00f3n es tambi\u00e9n el debut de algunos rider que prueban suerte en el enclave del norte de Gran Canaria a nivel profesional, en un cara a cara con la ola galdense a la que se han presentado hoy bugueros como <strong>Rachid Lorenz<\/strong> de Lanzarote, el franc\u00e9s <strong>Fabien Thazar<\/strong>, o el ingl\u00e9s <strong>Daniel Skajarowski<\/strong> entre otros.<\/p>\n<p>Adem\u00e1s, durante la ma\u00f1ana y para las primeras mangas del d\u00eda, el Front\u00f3n King ha sido a su vez un plat\u00f3 al aire libre, haciendo historia como el <strong>primer campeonato profesional de bodyboard televisado en directo a nivel nacional<\/strong>, a trav\u00e9s de Televisi\u00f3n Canaria de 12 a 13.30 horas.<\/p>\n<p>Este evento sigue un estricto <strong>protocolo de seguridad y prevenci\u00f3n<\/strong> para convertir el espacio y la prueba en un entorno seguro y con todas las medidas higi\u00e9nicas y sanitarias frente a la covid-19. celebr\u00e1ndose <strong>sin p\u00fablico y con control de accesos<\/strong>, desinfecci\u00f3n, controles t\u00e9rmicos, se\u00f1al\u00e9tica espec\u00edfica, uso obligatorio de mascarilla, y grupos \u2018 burbuja\u2019 para competidores, entre otras.<\/p>\n<p><strong>Cara a cara en f\u00e9minas<\/strong><\/p>\n<p>Las chicas tambi\u00e9n han probado hoy la ola de El Front\u00f3n en las primeras mangas de esta edici\u00f3n 2020, que se han\u00a0 disputado en un <strong>formato cara a cara<\/strong> que ha a\u00f1adido emoci\u00f3n a las primeras rondas de la categor\u00eda femenina. En estos duelos han destacado los dos brillantes \u2018rolos\u2019 de derecha de <strong>Teresa Miranda<\/strong>, adem\u00e1s de un backflip o un mortal hacia atr\u00e1s de la actual campeona del campeonato, la austriaca <strong>Alexandra Rinder.<br \/><img loading=\"lazy\" decoding=\"async\" class=\"aligncenter size-large wp-image-6177\" src=\"https:\/\/frontonking.com\/wp-content\/uploads\/2020\/10\/FOTO-1-D\u00cdA-1-FRONT\u00d3N-KING-mpg-18oct2020_Alexandra-Rinder-1024x683.jpg\" alt=\"\" width=\"1024\" height=\"683\" srcset=\"https:\/\/frontonking.com\/wp-content\/uploads\/2020\/10\/FOTO-1-D\u00cdA-1-FRONT\u00d3N-KING-mpg-18oct2020_Alexandra-Rinder-1024x683.jpg 1024w, https:\/\/frontonking.com\/wp-content\/uploads\/2020\/10\/FOTO-1-D\u00cdA-1-FRONT\u00d3N-KING-mpg-18oct2020_Alexandra-Rinder-scaled-600x400.jpg 600w, https:\/\/frontonking.com\/wp-content\/uploads\/2020\/10\/FOTO-1-D\u00cdA-1-FRONT\u00d3N-KING-mpg-18oct2020_Alexandra-Rinder-300x200.jpg 300w, https:\/\/frontonking.com\/wp-content\/uploads\/2020\/10\/FOTO-1-D\u00cdA-1-FRONT\u00d3N-KING-mpg-18oct2020_Alexandra-Rinder-768x512.jpg 768w, https:\/\/frontonking.com\/wp-content\/uploads\/2020\/10\/FOTO-1-D\u00cdA-1-FRONT\u00d3N-KING-mpg-18oct2020_Alexandra-Rinder-1536x1024.jpg 1536w, https:\/\/frontonking.com\/wp-content\/uploads\/2020\/10\/FOTO-1-D\u00cdA-1-FRONT\u00d3N-KING-mpg-18oct2020_Alexandra-Rinder-2048x1365.jpg 2048w, https:\/\/frontonking.com\/wp-content\/uploads\/2020\/10\/FOTO-1-D\u00cdA-1-FRONT\u00d3N-KING-mpg-18oct2020_Alexandra-Rinder-825x550.jpg 825w, https:\/\/frontonking.com\/wp-content\/uploads\/2020\/10\/FOTO-1-D\u00cdA-1-FRONT\u00d3N-KING-mpg-18oct2020_Alexandra-Rinder-825x550@2x.jpg 1650w\" sizes=\"(max-width: 1024px) 100vw, 1024px\" \/><br \/><\/strong><\/p>\n<p>La Reina del Front\u00f3n King, <strong>Alexandra Rinder<\/strong>, mantiene su lucha por revalidar su t\u00edtulo con rivales potentes como <strong>Teresa Miranda<\/strong>, la tinerfe\u00f1a <strong>Texenery Garc\u00eda<\/strong> y la venezolana <strong>Bego\u00f1a Mart\u00ednez. <\/strong>La latina, que es la primera vez compite en el Front\u00f3n King, no ha podido en esta primera manga con la veteran\u00eda de la austriaca, que se impuso en su frente a frente con 12,5 puntos, la m\u00e1s alta de la jornada en f\u00e9minas, seguida del 11,75 acumulado por <strong>Teresa Miranda <\/strong>en su primera actuaci\u00f3n.<\/p>\n<p><img loading=\"lazy\" decoding=\"async\" class=\"aligncenter size-large wp-image-6176\" src=\"https:\/\/frontonking.com\/wp-content\/uploads\/2020\/10\/FOTO-6-D\u00cdA-1-FRONT\u00d3N-KING-mpg-18oct2020_JonathanVega_2-1024x683.jpg\" alt=\"\" width=\"1024\" height=\"683\" srcset=\"https:\/\/frontonking.com\/wp-content\/uploads\/2020\/10\/FOTO-6-D\u00cdA-1-FRONT\u00d3N-KING-mpg-18oct2020_JonathanVega_2-1024x683.jpg 1024w, https:\/\/frontonking.com\/wp-content\/uploads\/2020\/10\/FOTO-6-D\u00cdA-1-FRONT\u00d3N-KING-mpg-18oct2020_JonathanVega_2-scaled-600x400.jpg 600w, https:\/\/frontonking.com\/wp-content\/uploads\/2020\/10\/FOTO-6-D\u00cdA-1-FRONT\u00d3N-KING-mpg-18oct2020_JonathanVega_2-300x200.jpg 300w, https:\/\/frontonking.com\/wp-content\/uploads\/2020\/10\/FOTO-6-D\u00cdA-1-FRONT\u00d3N-KING-mpg-18oct2020_JonathanVega_2-768x512.jpg 768w, https:\/\/frontonking.com\/wp-content\/uploads\/2020\/10\/FOTO-6-D\u00cdA-1-FRONT\u00d3N-KING-mpg-18oct2020_JonathanVega_2-1536x1024.jpg 1536w, https:\/\/frontonking.com\/wp-content\/uploads\/2020\/10\/FOTO-6-D\u00cdA-1-FRONT\u00d3N-KING-mpg-18oct2020_JonathanVega_2-2048x1365.jpg 2048w, https:\/\/frontonking.com\/wp-content\/uploads\/2020\/10\/FOTO-6-D\u00cdA-1-FRONT\u00d3N-KING-mpg-18oct2020_JonathanVega_2-825x550.jpg 825w, https:\/\/frontonking.com\/wp-content\/uploads\/2020\/10\/FOTO-6-D\u00cdA-1-FRONT\u00d3N-KING-mpg-18oct2020_JonathanVega_2-825x550@2x.jpg 1650w\" sizes=\"(max-width: 1024px) 100vw, 1024px\" \/><br \/>La <strong>World Cup Gran Canaria Front\u00f3n King 2020<\/strong> est\u00e1 organizada por Epic Events, promovida por el <strong>Cabildo de Gran Canaria<\/strong> a trav\u00e9s del <strong>Patronato de Turismo del Cabildo de Gran Canaria<\/strong> y el <strong>Instituto Insular de Deportes<\/strong>, que vuelve a encuadrar esta prueba en su programa de <strong>Grandes Eventos Deportivos de Gran Canaria<\/strong>, as\u00ed como el <strong>Ayuntamiento de G\u00e1ldar<\/strong>, instituciones que han hecho posible consolidar esta prueba deportiva como un referente internacional en el mundo del bodyboard.\u00a0 Este evento cuenta con el patrocinio de <strong>Naviera Armas<\/strong>, <strong>NMD\/CO, Red Bull,<\/strong> y las firmas colaboradoras, <strong>Jacio GuestHouse, Sonocom Audiovisuales, Hydro Flask, Aguacana, Meduxa Mag <\/strong>y<strong> Vert Magazine.\u00a0\u00a0\u00a0\u00a0\u00a0 <\/strong><\/p>\n<p>[:en]The World Cup Gran Canaria Front\u00f3n King has started with the best bodyboard show in the world and the first 16 sleeves in the open category and 3 in the women&#8217;s category. With the optimal conditions for sports and a blue summer sky in the middle of October, &#8216;La Bestia&#8217; has once again roared in this Galician enclave to test the best maneuvers of the 64 riders competing in this edition, totally safe and with a demanding protocol to comply with all sanitary and hygienic guarantees against covid-19.<\/p>\n<p>On this first day, boys and girls have tried the powerful wave of El Front\u00f3n with some first heats full of spectacle and heart attack maneuvers, incredible waves that were the scene of tubes, 360, blackflip and jumps on the crest of locals and internationals in a Sunday at 25 degrees marked by healthy sportsmanship.<br \/>Argentina, Chile, Colombia, Portugal, Ireland, United Kingdom, Venezuela, Peru, France and Morocco have been just some of the countries that have had representation on the opening day of El Front\u00f3n, which takes this corner of the coast of G\u00e1ldar to across the globe through sports.<\/p>\n<p><img loading=\"lazy\" decoding=\"async\" class=\"aligncenter size-large wp-image-6178\" src=\"https:\/\/frontonking.com\/wp-content\/uploads\/2020\/10\/FOTO-4-D\u00cdA-1-FRONT\u00d3N-KING-mpg-18oct2020_Ambiente-1024x683.jpg\" alt=\"\" width=\"1024\" height=\"683\" srcset=\"https:\/\/frontonking.com\/wp-content\/uploads\/2020\/10\/FOTO-4-D\u00cdA-1-FRONT\u00d3N-KING-mpg-18oct2020_Ambiente-1024x683.jpg 1024w, https:\/\/frontonking.com\/wp-content\/uploads\/2020\/10\/FOTO-4-D\u00cdA-1-FRONT\u00d3N-KING-mpg-18oct2020_Ambiente-scaled-600x400.jpg 600w, https:\/\/frontonking.com\/wp-content\/uploads\/2020\/10\/FOTO-4-D\u00cdA-1-FRONT\u00d3N-KING-mpg-18oct2020_Ambiente-300x200.jpg 300w, https:\/\/frontonking.com\/wp-content\/uploads\/2020\/10\/FOTO-4-D\u00cdA-1-FRONT\u00d3N-KING-mpg-18oct2020_Ambiente-768x512.jpg 768w, https:\/\/frontonking.com\/wp-content\/uploads\/2020\/10\/FOTO-4-D\u00cdA-1-FRONT\u00d3N-KING-mpg-18oct2020_Ambiente-1536x1024.jpg 1536w, https:\/\/frontonking.com\/wp-content\/uploads\/2020\/10\/FOTO-4-D\u00cdA-1-FRONT\u00d3N-KING-mpg-18oct2020_Ambiente-2048x1365.jpg 2048w, https:\/\/frontonking.com\/wp-content\/uploads\/2020\/10\/FOTO-4-D\u00cdA-1-FRONT\u00d3N-KING-mpg-18oct2020_Ambiente-825x550.jpg 825w, https:\/\/frontonking.com\/wp-content\/uploads\/2020\/10\/FOTO-4-D\u00cdA-1-FRONT\u00d3N-KING-mpg-18oct2020_Ambiente-825x550@2x.jpg 1650w\" sizes=\"(max-width: 1024px) 100vw, 1024px\" \/><br \/>The riders started the morning in the open category, in a first action inaugurated by the French Maxime Castillo, who led the heat with a victory adjusted to the local Gabriel Molina and Pablo Hern\u00e1ndez. The Galdense wave was also tested by several of the most recognized riders in this championship, such as Guillermo Cobo with 9.90 points, Jonathan Vega with two outstanding waves that put him at the head of his sleeve, a great performance in the water by Borja Granados with a 7.5 and a 6 in their best waves and a heat that put Aitor Ojeda and Javier Dom\u00ednguez in check with a score very close between them.<br \/><img loading=\"lazy\" decoding=\"async\" class=\"aligncenter size-large wp-image-6174\" src=\"https:\/\/frontonking.com\/wp-content\/uploads\/2020\/10\/FOTO-3-D\u00cdA-1-FRONT\u00d3N-KING-mpg-18oct2020_Jonathan-Vega-1024x683.jpg\" alt=\"\" width=\"1024\" height=\"683\" srcset=\"https:\/\/frontonking.com\/wp-content\/uploads\/2020\/10\/FOTO-3-D\u00cdA-1-FRONT\u00d3N-KING-mpg-18oct2020_Jonathan-Vega-1024x683.jpg 1024w, https:\/\/frontonking.com\/wp-content\/uploads\/2020\/10\/FOTO-3-D\u00cdA-1-FRONT\u00d3N-KING-mpg-18oct2020_Jonathan-Vega-scaled-600x400.jpg 600w, https:\/\/frontonking.com\/wp-content\/uploads\/2020\/10\/FOTO-3-D\u00cdA-1-FRONT\u00d3N-KING-mpg-18oct2020_Jonathan-Vega-300x200.jpg 300w, https:\/\/frontonking.com\/wp-content\/uploads\/2020\/10\/FOTO-3-D\u00cdA-1-FRONT\u00d3N-KING-mpg-18oct2020_Jonathan-Vega-768x512.jpg 768w, https:\/\/frontonking.com\/wp-content\/uploads\/2020\/10\/FOTO-3-D\u00cdA-1-FRONT\u00d3N-KING-mpg-18oct2020_Jonathan-Vega-1536x1024.jpg 1536w, https:\/\/frontonking.com\/wp-content\/uploads\/2020\/10\/FOTO-3-D\u00cdA-1-FRONT\u00d3N-KING-mpg-18oct2020_Jonathan-Vega-2048x1365.jpg 2048w, https:\/\/frontonking.com\/wp-content\/uploads\/2020\/10\/FOTO-3-D\u00cdA-1-FRONT\u00d3N-KING-mpg-18oct2020_Jonathan-Vega-825x550.jpg 825w, https:\/\/frontonking.com\/wp-content\/uploads\/2020\/10\/FOTO-3-D\u00cdA-1-FRONT\u00d3N-KING-mpg-18oct2020_Jonathan-Vega-825x550@2x.jpg 1650w\" sizes=\"(max-width: 1024px) 100vw, 1024px\" \/><br \/>The Canaria rider Omar Marrero shone in his confrontation with \u2018La Bestia\u2019 with an 8 in a perfect and very long tube that put the competitors who were watching the sleeve on their feet and raised applause among the attendees. The heat that Marrero led was one of the most attractive of the morning, with 14 points for Samuel Brito&#8217;s maneuvers, in a score only surpassed by Eduardo Rodr\u00edguez, with two waves of 7 and 7.6 that gave him the victory of his sleeve.<br \/><img loading=\"lazy\" decoding=\"async\" class=\"aligncenter size-large wp-image-6176\" src=\"https:\/\/frontonking.com\/wp-content\/uploads\/2020\/10\/FOTO-6-D\u00cdA-1-FRONT\u00d3N-KING-mpg-18oct2020_JonathanVega_2-1024x683.jpg\" alt=\"\" width=\"1024\" height=\"683\" srcset=\"https:\/\/frontonking.com\/wp-content\/uploads\/2020\/10\/FOTO-6-D\u00cdA-1-FRONT\u00d3N-KING-mpg-18oct2020_JonathanVega_2-1024x683.jpg 1024w, https:\/\/frontonking.com\/wp-content\/uploads\/2020\/10\/FOTO-6-D\u00cdA-1-FRONT\u00d3N-KING-mpg-18oct2020_JonathanVega_2-scaled-600x400.jpg 600w, https:\/\/frontonking.com\/wp-content\/uploads\/2020\/10\/FOTO-6-D\u00cdA-1-FRONT\u00d3N-KING-mpg-18oct2020_JonathanVega_2-300x200.jpg 300w, https:\/\/frontonking.com\/wp-content\/uploads\/2020\/10\/FOTO-6-D\u00cdA-1-FRONT\u00d3N-KING-mpg-18oct2020_JonathanVega_2-768x512.jpg 768w, https:\/\/frontonking.com\/wp-content\/uploads\/2020\/10\/FOTO-6-D\u00cdA-1-FRONT\u00d3N-KING-mpg-18oct2020_JonathanVega_2-1536x1024.jpg 1536w, https:\/\/frontonking.com\/wp-content\/uploads\/2020\/10\/FOTO-6-D\u00cdA-1-FRONT\u00d3N-KING-mpg-18oct2020_JonathanVega_2-2048x1365.jpg 2048w, https:\/\/frontonking.com\/wp-content\/uploads\/2020\/10\/FOTO-6-D\u00cdA-1-FRONT\u00d3N-KING-mpg-18oct2020_JonathanVega_2-825x550.jpg 825w, https:\/\/frontonking.com\/wp-content\/uploads\/2020\/10\/FOTO-6-D\u00cdA-1-FRONT\u00d3N-KING-mpg-18oct2020_JonathanVega_2-825x550@2x.jpg 1650w\" sizes=\"(max-width: 1024px) 100vw, 1024px\" \/><br \/>Some of the winners of previous editions in their climb to the title, such as William Luj\u00e1n, Dailos Rodr\u00edguez, Dailos Rodr\u00edguez, Alex Sebastian, Daute Perdomo, the three-time King, also premiered the first waves of this event, the only professional bodyboard event to be held. del Fronton, Amaury Lavernhe, or the also French Pierre Louis Cost\u00e9s who in the last edition starred in a final that was decided in the last minutes.<br \/><img decoding=\"async\" class=\"aligncenter size-large wp-image-6175\" src=\"https:\/\/frontonking.com\/wp-content\/uploads\/2020\/10\/FOTO-2-D\u00cdA-1-FRONT\u00d3N-KING-mpg-18oct2020_Ruben-Redondo-1024x683.jpg\" alt=\"\" width=\"1024\" height=\"683\" srcset=\"https:\/\/frontonking.com\/wp-content\/uploads\/2020\/10\/FOTO-2-D\u00cdA-1-FRONT\u00d3N-KING-mpg-18oct2020_Ruben-Redondo-1024x683.jpg 1024w, https:\/\/frontonking.com\/wp-content\/uploads\/2020\/10\/FOTO-2-D\u00cdA-1-FRONT\u00d3N-KING-mpg-18oct2020_Ruben-Redondo-scaled-600x400.jpg 600w, https:\/\/frontonking.com\/wp-content\/uploads\/2020\/10\/FOTO-2-D\u00cdA-1-FRONT\u00d3N-KING-mpg-18oct2020_Ruben-Redondo-300x200.jpg 300w, https:\/\/frontonking.com\/wp-content\/uploads\/2020\/10\/FOTO-2-D\u00cdA-1-FRONT\u00d3N-KING-mpg-18oct2020_Ruben-Redondo-768x512.jpg 768w, https:\/\/frontonking.com\/wp-content\/uploads\/2020\/10\/FOTO-2-D\u00cdA-1-FRONT\u00d3N-KING-mpg-18oct2020_Ruben-Redondo-1536x1024.jpg 1536w, https:\/\/frontonking.com\/wp-content\/uploads\/2020\/10\/FOTO-2-D\u00cdA-1-FRONT\u00d3N-KING-mpg-18oct2020_Ruben-Redondo-2048x1365.jpg 2048w, https:\/\/frontonking.com\/wp-content\/uploads\/2020\/10\/FOTO-2-D\u00cdA-1-FRONT\u00d3N-KING-mpg-18oct2020_Ruben-Redondo-825x550.jpg 825w, https:\/\/frontonking.com\/wp-content\/uploads\/2020\/10\/FOTO-2-D\u00cdA-1-FRONT\u00d3N-KING-mpg-18oct2020_Ruben-Redondo-825x550@2x.jpg 1650w\" sizes=\"(max-width: 1024px) 100vw, 1024px\" \/><br \/>This edition is also the debut of some rider who try their luck in the northern enclave of Gran Canaria on a professional level, in a face-to-face with the Galician wave to which bugueros such as Rachid Lorenz from Lanzarote, the French Fabien have appeared today Thazar, or English Daniel Skajarowski among others.<br \/>In addition, during the morning and for the first heats of the day, the Front\u00f3n King has in turn been an outdoor set, making history as the first professional bodyboard championship televised live at the national level, through Televisi\u00f3n Canaria de 12 at 1.30 pm.<br \/><img loading=\"lazy\" decoding=\"async\" class=\"aligncenter size-large wp-image-6179\" src=\"https:\/\/frontonking.com\/wp-content\/uploads\/2020\/10\/FOTO-5-D\u00cdA-1-FRONT\u00d3N-KING-mpg-18oct2020_Bernardo-Jeronimo_2-1024x683.jpg\" alt=\"\" width=\"1024\" height=\"683\" srcset=\"https:\/\/frontonking.com\/wp-content\/uploads\/2020\/10\/FOTO-5-D\u00cdA-1-FRONT\u00d3N-KING-mpg-18oct2020_Bernardo-Jeronimo_2-1024x683.jpg 1024w, https:\/\/frontonking.com\/wp-content\/uploads\/2020\/10\/FOTO-5-D\u00cdA-1-FRONT\u00d3N-KING-mpg-18oct2020_Bernardo-Jeronimo_2-scaled-600x400.jpg 600w, https:\/\/frontonking.com\/wp-content\/uploads\/2020\/10\/FOTO-5-D\u00cdA-1-FRONT\u00d3N-KING-mpg-18oct2020_Bernardo-Jeronimo_2-300x200.jpg 300w, https:\/\/frontonking.com\/wp-content\/uploads\/2020\/10\/FOTO-5-D\u00cdA-1-FRONT\u00d3N-KING-mpg-18oct2020_Bernardo-Jeronimo_2-768x512.jpg 768w, https:\/\/frontonking.com\/wp-content\/uploads\/2020\/10\/FOTO-5-D\u00cdA-1-FRONT\u00d3N-KING-mpg-18oct2020_Bernardo-Jeronimo_2-1536x1024.jpg 1536w, https:\/\/frontonking.com\/wp-content\/uploads\/2020\/10\/FOTO-5-D\u00cdA-1-FRONT\u00d3N-KING-mpg-18oct2020_Bernardo-Jeronimo_2-2048x1365.jpg 2048w, https:\/\/frontonking.com\/wp-content\/uploads\/2020\/10\/FOTO-5-D\u00cdA-1-FRONT\u00d3N-KING-mpg-18oct2020_Bernardo-Jeronimo_2-825x550.jpg 825w, https:\/\/frontonking.com\/wp-content\/uploads\/2020\/10\/FOTO-5-D\u00cdA-1-FRONT\u00d3N-KING-mpg-18oct2020_Bernardo-Jeronimo_2-825x550@2x.jpg 1650w\" sizes=\"(max-width: 1024px) 100vw, 1024px\" \/><br \/>This event follows a strict security and prevention protocol to convert the space and the test into a safe environment and with all the hygienic and sanitary measures against covid-19. held without the public and with access control, disinfection, thermal controls, specific signage, mandatory use of a mask, and &#8216;bubble&#8217; groups for competitors, among others.<\/p>\n<p><strong>Face to face in females<\/strong><\/p>\n<p>The girls also tried the wave of El Front\u00f3n today in the first rounds of this 2020 edition, which have been contested in a face-to-face format that has added excitement to the first rounds of the women&#8217;s category. In these duels, Teresa Miranda&#8217;s two brilliant right-wing \u2018rolos\u2019 have stood out, as well as a backflip or a back flip from the current champion of the championship, the Austrian Alexandra Rinder.<br \/><img loading=\"lazy\" decoding=\"async\" class=\"aligncenter size-large wp-image-6177\" src=\"https:\/\/frontonking.com\/wp-content\/uploads\/2020\/10\/FOTO-1-D\u00cdA-1-FRONT\u00d3N-KING-mpg-18oct2020_Alexandra-Rinder-1024x683.jpg\" alt=\"\" width=\"1024\" height=\"683\" srcset=\"https:\/\/frontonking.com\/wp-content\/uploads\/2020\/10\/FOTO-1-D\u00cdA-1-FRONT\u00d3N-KING-mpg-18oct2020_Alexandra-Rinder-1024x683.jpg 1024w, https:\/\/frontonking.com\/wp-content\/uploads\/2020\/10\/FOTO-1-D\u00cdA-1-FRONT\u00d3N-KING-mpg-18oct2020_Alexandra-Rinder-scaled-600x400.jpg 600w, https:\/\/frontonking.com\/wp-content\/uploads\/2020\/10\/FOTO-1-D\u00cdA-1-FRONT\u00d3N-KING-mpg-18oct2020_Alexandra-Rinder-300x200.jpg 300w, https:\/\/frontonking.com\/wp-content\/uploads\/2020\/10\/FOTO-1-D\u00cdA-1-FRONT\u00d3N-KING-mpg-18oct2020_Alexandra-Rinder-768x512.jpg 768w, https:\/\/frontonking.com\/wp-content\/uploads\/2020\/10\/FOTO-1-D\u00cdA-1-FRONT\u00d3N-KING-mpg-18oct2020_Alexandra-Rinder-1536x1024.jpg 1536w, https:\/\/frontonking.com\/wp-content\/uploads\/2020\/10\/FOTO-1-D\u00cdA-1-FRONT\u00d3N-KING-mpg-18oct2020_Alexandra-Rinder-2048x1365.jpg 2048w, https:\/\/frontonking.com\/wp-content\/uploads\/2020\/10\/FOTO-1-D\u00cdA-1-FRONT\u00d3N-KING-mpg-18oct2020_Alexandra-Rinder-825x550.jpg 825w, https:\/\/frontonking.com\/wp-content\/uploads\/2020\/10\/FOTO-1-D\u00cdA-1-FRONT\u00d3N-KING-mpg-18oct2020_Alexandra-Rinder-825x550@2x.jpg 1650w\" sizes=\"(max-width: 1024px) 100vw, 1024px\" \/><br \/>The Queen of the Fronton King, Alexandra Rinder, continues her struggle to revalidate her title with powerful rivals such as Teresa Miranda, Texenery Garc\u00eda from Tenerife and Bego\u00f1a Mart\u00ednez from Venezuela. The Latina, which is the first time competing in the Fronton King, has not been able in this first round with the veteran of the Austrian, who prevailed in her face to face with 12.5 points, the highest of the day in women , followed by the 11.75 accumulated by Teresa Miranda in her first performance.<\/p>\n<p>The World Cup Gran Canaria Front\u00f3n King 2020 is organized by Epic Events, promoted by the Cabildo de Gran Canaria through the Tourist Board of the Cabildo de Gran Canaria and the Insular Sports Institute, which once again includes this test in its program of Large Sports Events of Gran Canaria, as well as the City Council of G\u00e1ldar, institutions that have made it possible to consolidate this sporting event as an international benchmark in the world of bodyboarding. This event is sponsored by Naviera Armas, NMD \/ CO, Red Bull, and the collaborating firms, Jacio GuestHouse, Sonocom Audiovisuales, Hydro Flask, Aguacana, Meduxa Mag and Vert Magazine.[:]<\/p>\n","protected":false},"excerpt":{"rendered":"<p>[:es]Comienza la World Cup Gran Canaria Front\u00f3n King 2020 en G\u00e1ldar,con la representaci\u00f3n canaria marcando la diferencia La World Cup Gran Canaria Front\u00f3n King ha arrancado con el mejor espect\u00e1culo de bodyboard del mundo y las primeras 16 mangas de categor\u00eda open y 3 en categor\u00eda femenina. Con las condiciones \u00f3ptimas para la pr\u00e1ctica deportiva [&hellip;]<\/p>\n","protected":false},"author":1,"featured_media":6176,"comment_status":"closed","ping_status":"open","sticky":false,"template":"","format":"standard","meta":{"footnotes":""},"categories":[181,1],"tags":[188,189,194,195,186,191,185,192,187,193],"class_list":["post-6171","post","type-post","status-publish","format-standard","has-post-thumbnail","hentry","category-novedades","category-sin-categoria","tag-bodyboard","tag-bodyboarding","tag-campeones-del-mundo","tag-champion","tag-fronton","tag-fronton-king-2019","tag-gran-canaria","tag-gran-canaria-deportes","tag-wave","tag-world-tittle"],"yoast_head":"<!-- This site is optimized with the Yoast SEO plugin v27.5 - https:\/\/yoast.com\/product\/yoast-seo-wordpress\/ -->\n<title>[:es]Las primeras olas ya rompen en El Front\u00f3n[:en]First waves at El Front\u00f3n[:] - Gran Canaria Fronton King<\/title>\n<meta name=\"robots\" content=\"index, follow, max-snippet:-1, max-image-preview:large, max-video-preview:-1\" \/>\n<link rel=\"canonical\" href=\"https:\/\/frontonking.com\/en\/gran-canaria-fronton-king-2018-pro-confirmado-2-2-2-2-2-2-2-2-2-2-2-2-2-3-2\/\" \/>\n<meta property=\"og:locale\" content=\"en_GB\" \/>\n<meta property=\"og:type\" content=\"article\" \/>\n<meta property=\"og:title\" content=\"[:es]Las primeras olas ya rompen en El Front\u00f3n[:en]First waves at El Front\u00f3n[:] - Gran Canaria Fronton King\" \/>\n<meta property=\"og:description\" content=\"[:es]Comienza la World Cup Gran Canaria Front\u00f3n King 2020 en G\u00e1ldar,con la representaci\u00f3n canaria marcando la diferencia La World Cup Gran Canaria Front\u00f3n King ha arrancado con el mejor espect\u00e1culo de bodyboard del mundo y las primeras 16 mangas de categor\u00eda open y 3 en categor\u00eda femenina. Con las condiciones \u00f3ptimas para la pr\u00e1ctica deportiva [&hellip;]\" \/>\n<meta property=\"og:url\" content=\"https:\/\/frontonking.com\/en\/gran-canaria-fronton-king-2018-pro-confirmado-2-2-2-2-2-2-2-2-2-2-2-2-2-3-2\/\" \/>\n<meta property=\"og:site_name\" content=\"Gran Canaria Fronton King\" \/>\n<meta property=\"article:published_time\" content=\"2020-10-19T18:18:51+00:00\" \/>\n<meta property=\"article:modified_time\" content=\"2024-10-08T18:55:05+00:00\" \/>\n<meta property=\"og:image\" content=\"https:\/\/frontonking.com\/wp-content\/uploads\/2020\/10\/FOTO-6-D\u00cdA-1-FRONT\u00d3N-KING-mpg-18oct2020_JonathanVega_2-scaled.jpg\" \/>\n\t<meta property=\"og:image:width\" content=\"2560\" \/>\n\t<meta property=\"og:image:height\" content=\"1706\" \/>\n\t<meta property=\"og:image:type\" content=\"image\/jpeg\" \/>\n<meta name=\"author\" content=\"DANIEL\" \/>\n<meta name=\"twitter:card\" content=\"summary_large_image\" \/>\n<meta name=\"twitter:label1\" content=\"Written by\" \/>\n\t<meta name=\"twitter:data1\" content=\"DANIEL\" \/>\n\t<meta name=\"twitter:label2\" content=\"Estimated reading time\" \/>\n\t<meta name=\"twitter:data2\" content=\"9 minutes\" \/>\n<script type=\"application\/ld+json\" class=\"yoast-schema-graph\">{\"@context\":\"https:\\\/\\\/schema.org\",\"@graph\":[{\"@type\":\"Article\",\"@id\":\"https:\\\/\\\/frontonking.com\\\/gran-canaria-fronton-king-2018-pro-confirmado-2-2-2-2-2-2-2-2-2-2-2-2-2-3-2\\\/#article\",\"isPartOf\":{\"@id\":\"https:\\\/\\\/frontonking.com\\\/gran-canaria-fronton-king-2018-pro-confirmado-2-2-2-2-2-2-2-2-2-2-2-2-2-3-2\\\/\"},\"author\":{\"name\":\"DANIEL\",\"@id\":\"https:\\\/\\\/frontonking.com\\\/#\\\/schema\\\/person\\\/daecc8af58b09f31391037619e891a0e\"},\"headline\":\"[:es]Las primeras olas ya rompen en El Front\u00f3n[:en]First waves at El Front\u00f3n[:]\",\"datePublished\":\"2020-10-19T18:18:51+00:00\",\"dateModified\":\"2024-10-08T18:55:05+00:00\",\"mainEntityOfPage\":{\"@id\":\"https:\\\/\\\/frontonking.com\\\/gran-canaria-fronton-king-2018-pro-confirmado-2-2-2-2-2-2-2-2-2-2-2-2-2-3-2\\\/\"},\"wordCount\":1874,\"publisher\":{\"@id\":\"https:\\\/\\\/frontonking.com\\\/#organization\"},\"image\":{\"@id\":\"https:\\\/\\\/frontonking.com\\\/gran-canaria-fronton-king-2018-pro-confirmado-2-2-2-2-2-2-2-2-2-2-2-2-2-3-2\\\/#primaryimage\"},\"thumbnailUrl\":\"https:\\\/\\\/frontonking.com\\\/wp-content\\\/uploads\\\/2020\\\/10\\\/FOTO-6-D\u00cdA-1-FRONT\u00d3N-KING-mpg-18oct2020_JonathanVega_2-scaled.jpg\",\"keywords\":[\"bodyboard\",\"bodyboarding\",\"campeones del mundo\",\"champion\",\"fronton\",\"fronton king 2019\",\"gran canaria\",\"gran canaria deportes\",\"wave\",\"world tittle\"],\"articleSection\":[\"Novedades\",\"Sin categor\u00eda\"],\"inLanguage\":\"en-GB\"},{\"@type\":\"WebPage\",\"@id\":\"https:\\\/\\\/frontonking.com\\\/gran-canaria-fronton-king-2018-pro-confirmado-2-2-2-2-2-2-2-2-2-2-2-2-2-3-2\\\/\",\"url\":\"https:\\\/\\\/frontonking.com\\\/gran-canaria-fronton-king-2018-pro-confirmado-2-2-2-2-2-2-2-2-2-2-2-2-2-3-2\\\/\",\"name\":\"[:es]Las primeras olas ya rompen en El Front\u00f3n[:en]First waves at El Front\u00f3n[:] - Gran Canaria Fronton King\",\"isPartOf\":{\"@id\":\"https:\\\/\\\/frontonking.com\\\/#website\"},\"primaryImageOfPage\":{\"@id\":\"https:\\\/\\\/frontonking.com\\\/gran-canaria-fronton-king-2018-pro-confirmado-2-2-2-2-2-2-2-2-2-2-2-2-2-3-2\\\/#primaryimage\"},\"image\":{\"@id\":\"https:\\\/\\\/frontonking.com\\\/gran-canaria-fronton-king-2018-pro-confirmado-2-2-2-2-2-2-2-2-2-2-2-2-2-3-2\\\/#primaryimage\"},\"thumbnailUrl\":\"https:\\\/\\\/frontonking.com\\\/wp-content\\\/uploads\\\/2020\\\/10\\\/FOTO-6-D\u00cdA-1-FRONT\u00d3N-KING-mpg-18oct2020_JonathanVega_2-scaled.jpg\",\"datePublished\":\"2020-10-19T18:18:51+00:00\",\"dateModified\":\"2024-10-08T18:55:05+00:00\",\"breadcrumb\":{\"@id\":\"https:\\\/\\\/frontonking.com\\\/gran-canaria-fronton-king-2018-pro-confirmado-2-2-2-2-2-2-2-2-2-2-2-2-2-3-2\\\/#breadcrumb\"},\"inLanguage\":\"en-GB\",\"potentialAction\":[{\"@type\":\"ReadAction\",\"target\":[\"https:\\\/\\\/frontonking.com\\\/gran-canaria-fronton-king-2018-pro-confirmado-2-2-2-2-2-2-2-2-2-2-2-2-2-3-2\\\/\"]}]},{\"@type\":\"ImageObject\",\"inLanguage\":\"en-GB\",\"@id\":\"https:\\\/\\\/frontonking.com\\\/gran-canaria-fronton-king-2018-pro-confirmado-2-2-2-2-2-2-2-2-2-2-2-2-2-3-2\\\/#primaryimage\",\"url\":\"https:\\\/\\\/frontonking.com\\\/wp-content\\\/uploads\\\/2020\\\/10\\\/FOTO-6-D\u00cdA-1-FRONT\u00d3N-KING-mpg-18oct2020_JonathanVega_2-scaled.jpg\",\"contentUrl\":\"https:\\\/\\\/frontonking.com\\\/wp-content\\\/uploads\\\/2020\\\/10\\\/FOTO-6-D\u00cdA-1-FRONT\u00d3N-KING-mpg-18oct2020_JonathanVega_2-scaled.jpg\",\"width\":2560,\"height\":1706},{\"@type\":\"BreadcrumbList\",\"@id\":\"https:\\\/\\\/frontonking.com\\\/gran-canaria-fronton-king-2018-pro-confirmado-2-2-2-2-2-2-2-2-2-2-2-2-2-3-2\\\/#breadcrumb\",\"itemListElement\":[{\"@type\":\"ListItem\",\"position\":1,\"name\":\"Portada\",\"item\":\"https:\\\/\\\/frontonking.com\\\/\"},{\"@type\":\"ListItem\",\"position\":2,\"name\":\"[:es]Las primeras olas ya rompen en El Front\u00f3n[:en]First waves at El Front\u00f3n[:]\"}]},{\"@type\":\"WebSite\",\"@id\":\"https:\\\/\\\/frontonking.com\\\/#website\",\"url\":\"https:\\\/\\\/frontonking.com\\\/\",\"name\":\"Gran Canaria Fronton King\",\"description\":\"The Gran Canaria Fronton King Pro is the best bodyboarding competition in the world\",\"publisher\":{\"@id\":\"https:\\\/\\\/frontonking.com\\\/#organization\"},\"potentialAction\":[{\"@type\":\"SearchAction\",\"target\":{\"@type\":\"EntryPoint\",\"urlTemplate\":\"https:\\\/\\\/frontonking.com\\\/?s={search_term_string}\"},\"query-input\":{\"@type\":\"PropertyValueSpecification\",\"valueRequired\":true,\"valueName\":\"search_term_string\"}}],\"inLanguage\":\"en-GB\"},{\"@type\":\"Organization\",\"@id\":\"https:\\\/\\\/frontonking.com\\\/#organization\",\"name\":\"Gran Canaria Fronton King\",\"url\":\"https:\\\/\\\/frontonking.com\\\/\",\"logo\":{\"@type\":\"ImageObject\",\"inLanguage\":\"en-GB\",\"@id\":\"https:\\\/\\\/frontonking.com\\\/#\\\/schema\\\/logo\\\/image\\\/\",\"url\":\"https:\\\/\\\/frontonking.com\\\/wp-content\\\/uploads\\\/2025\\\/08\\\/cropped-LOGO25_300px.png\",\"contentUrl\":\"https:\\\/\\\/frontonking.com\\\/wp-content\\\/uploads\\\/2025\\\/08\\\/cropped-LOGO25_300px.png\",\"width\":300,\"height\":227,\"caption\":\"Gran Canaria Fronton King\"},\"image\":{\"@id\":\"https:\\\/\\\/frontonking.com\\\/#\\\/schema\\\/logo\\\/image\\\/\"}},{\"@type\":\"Person\",\"@id\":\"https:\\\/\\\/frontonking.com\\\/#\\\/schema\\\/person\\\/daecc8af58b09f31391037619e891a0e\",\"name\":\"DANIEL\",\"image\":{\"@type\":\"ImageObject\",\"inLanguage\":\"en-GB\",\"@id\":\"https:\\\/\\\/secure.gravatar.com\\\/avatar\\\/77cfdfb80ebea6d19deee660621b9b34dc8938e750e52d382160034464c651a0?s=96&d=mm&r=g\",\"url\":\"https:\\\/\\\/secure.gravatar.com\\\/avatar\\\/77cfdfb80ebea6d19deee660621b9b34dc8938e750e52d382160034464c651a0?s=96&d=mm&r=g\",\"contentUrl\":\"https:\\\/\\\/secure.gravatar.com\\\/avatar\\\/77cfdfb80ebea6d19deee660621b9b34dc8938e750e52d382160034464c651a0?s=96&d=mm&r=g\",\"caption\":\"DANIEL\"},\"sameAs\":[\"https:\\\/\\\/frontonking.com\"],\"url\":\"https:\\\/\\\/frontonking.com\\\/en\\\/author\\\/admin_frontonking\\\/\"}]}<\/script>\n<!-- \/ Yoast SEO plugin. -->","yoast_head_json":{"title":"[:es]Las primeras olas ya rompen en El Front\u00f3n[:en]First waves at El Front\u00f3n[:] - Gran Canaria Fronton King","robots":{"index":"index","follow":"follow","max-snippet":"max-snippet:-1","max-image-preview":"max-image-preview:large","max-video-preview":"max-video-preview:-1"},"canonical":"https:\/\/frontonking.com\/en\/gran-canaria-fronton-king-2018-pro-confirmado-2-2-2-2-2-2-2-2-2-2-2-2-2-3-2\/","og_locale":"en_GB","og_type":"article","og_title":"[:es]Las primeras olas ya rompen en El Front\u00f3n[:en]First waves at El Front\u00f3n[:] - Gran Canaria Fronton King","og_description":"[:es]Comienza la World Cup Gran Canaria Front\u00f3n King 2020 en G\u00e1ldar,con la representaci\u00f3n canaria marcando la diferencia La World Cup Gran Canaria Front\u00f3n King ha arrancado con el mejor espect\u00e1culo de bodyboard del mundo y las primeras 16 mangas de categor\u00eda open y 3 en categor\u00eda femenina. Con las condiciones \u00f3ptimas para la pr\u00e1ctica deportiva [&hellip;]","og_url":"https:\/\/frontonking.com\/en\/gran-canaria-fronton-king-2018-pro-confirmado-2-2-2-2-2-2-2-2-2-2-2-2-2-3-2\/","og_site_name":"Gran Canaria Fronton King","article_published_time":"2020-10-19T18:18:51+00:00","article_modified_time":"2024-10-08T18:55:05+00:00","og_image":[{"width":2560,"height":1706,"url":"https:\/\/frontonking.com\/wp-content\/uploads\/2020\/10\/FOTO-6-D\u00cdA-1-FRONT\u00d3N-KING-mpg-18oct2020_JonathanVega_2-scaled.jpg","type":"image\/jpeg"}],"author":"DANIEL","twitter_card":"summary_large_image","twitter_misc":{"Written by":"DANIEL","Estimated reading time":"9 minutes"},"schema":{"@context":"https:\/\/schema.org","@graph":[{"@type":"Article","@id":"https:\/\/frontonking.com\/gran-canaria-fronton-king-2018-pro-confirmado-2-2-2-2-2-2-2-2-2-2-2-2-2-3-2\/#article","isPartOf":{"@id":"https:\/\/frontonking.com\/gran-canaria-fronton-king-2018-pro-confirmado-2-2-2-2-2-2-2-2-2-2-2-2-2-3-2\/"},"author":{"name":"DANIEL","@id":"https:\/\/frontonking.com\/#\/schema\/person\/daecc8af58b09f31391037619e891a0e"},"headline":"[:es]Las primeras olas ya rompen en El Front\u00f3n[:en]First waves at El Front\u00f3n[:]","datePublished":"2020-10-19T18:18:51+00:00","dateModified":"2024-10-08T18:55:05+00:00","mainEntityOfPage":{"@id":"https:\/\/frontonking.com\/gran-canaria-fronton-king-2018-pro-confirmado-2-2-2-2-2-2-2-2-2-2-2-2-2-3-2\/"},"wordCount":1874,"publisher":{"@id":"https:\/\/frontonking.com\/#organization"},"image":{"@id":"https:\/\/frontonking.com\/gran-canaria-fronton-king-2018-pro-confirmado-2-2-2-2-2-2-2-2-2-2-2-2-2-3-2\/#primaryimage"},"thumbnailUrl":"https:\/\/frontonking.com\/wp-content\/uploads\/2020\/10\/FOTO-6-D\u00cdA-1-FRONT\u00d3N-KING-mpg-18oct2020_JonathanVega_2-scaled.jpg","keywords":["bodyboard","bodyboarding","campeones del mundo","champion","fronton","fronton king 2019","gran canaria","gran canaria deportes","wave","world tittle"],"articleSection":["Novedades","Sin categor\u00eda"],"inLanguage":"en-GB"},{"@type":"WebPage","@id":"https:\/\/frontonking.com\/gran-canaria-fronton-king-2018-pro-confirmado-2-2-2-2-2-2-2-2-2-2-2-2-2-3-2\/","url":"https:\/\/frontonking.com\/gran-canaria-fronton-king-2018-pro-confirmado-2-2-2-2-2-2-2-2-2-2-2-2-2-3-2\/","name":"[:es]Las primeras olas ya rompen en El Front\u00f3n[:en]First waves at El Front\u00f3n[:] - Gran Canaria Fronton King","isPartOf":{"@id":"https:\/\/frontonking.com\/#website"},"primaryImageOfPage":{"@id":"https:\/\/frontonking.com\/gran-canaria-fronton-king-2018-pro-confirmado-2-2-2-2-2-2-2-2-2-2-2-2-2-3-2\/#primaryimage"},"image":{"@id":"https:\/\/frontonking.com\/gran-canaria-fronton-king-2018-pro-confirmado-2-2-2-2-2-2-2-2-2-2-2-2-2-3-2\/#primaryimage"},"thumbnailUrl":"https:\/\/frontonking.com\/wp-content\/uploads\/2020\/10\/FOTO-6-D\u00cdA-1-FRONT\u00d3N-KING-mpg-18oct2020_JonathanVega_2-scaled.jpg","datePublished":"2020-10-19T18:18:51+00:00","dateModified":"2024-10-08T18:55:05+00:00","breadcrumb":{"@id":"https:\/\/frontonking.com\/gran-canaria-fronton-king-2018-pro-confirmado-2-2-2-2-2-2-2-2-2-2-2-2-2-3-2\/#breadcrumb"},"inLanguage":"en-GB","potentialAction":[{"@type":"ReadAction","target":["https:\/\/frontonking.com\/gran-canaria-fronton-king-2018-pro-confirmado-2-2-2-2-2-2-2-2-2-2-2-2-2-3-2\/"]}]},{"@type":"ImageObject","inLanguage":"en-GB","@id":"https:\/\/frontonking.com\/gran-canaria-fronton-king-2018-pro-confirmado-2-2-2-2-2-2-2-2-2-2-2-2-2-3-2\/#primaryimage","url":"https:\/\/frontonking.com\/wp-content\/uploads\/2020\/10\/FOTO-6-D\u00cdA-1-FRONT\u00d3N-KING-mpg-18oct2020_JonathanVega_2-scaled.jpg","contentUrl":"https:\/\/frontonking.com\/wp-content\/uploads\/2020\/10\/FOTO-6-D\u00cdA-1-FRONT\u00d3N-KING-mpg-18oct2020_JonathanVega_2-scaled.jpg","width":2560,"height":1706},{"@type":"BreadcrumbList","@id":"https:\/\/frontonking.com\/gran-canaria-fronton-king-2018-pro-confirmado-2-2-2-2-2-2-2-2-2-2-2-2-2-3-2\/#breadcrumb","itemListElement":[{"@type":"ListItem","position":1,"name":"Portada","item":"https:\/\/frontonking.com\/"},{"@type":"ListItem","position":2,"name":"[:es]Las primeras olas ya rompen en El Front\u00f3n[:en]First waves at El Front\u00f3n[:]"}]},{"@type":"WebSite","@id":"https:\/\/frontonking.com\/#website","url":"https:\/\/frontonking.com\/","name":"Gran Canaria Fronton King","description":"The Gran Canaria Fronton King Pro is the best bodyboarding competition in the world","publisher":{"@id":"https:\/\/frontonking.com\/#organization"},"potentialAction":[{"@type":"SearchAction","target":{"@type":"EntryPoint","urlTemplate":"https:\/\/frontonking.com\/?s={search_term_string}"},"query-input":{"@type":"PropertyValueSpecification","valueRequired":true,"valueName":"search_term_string"}}],"inLanguage":"en-GB"},{"@type":"Organization","@id":"https:\/\/frontonking.com\/#organization","name":"Gran Canaria Fronton King","url":"https:\/\/frontonking.com\/","logo":{"@type":"ImageObject","inLanguage":"en-GB","@id":"https:\/\/frontonking.com\/#\/schema\/logo\/image\/","url":"https:\/\/frontonking.com\/wp-content\/uploads\/2025\/08\/cropped-LOGO25_300px.png","contentUrl":"https:\/\/frontonking.com\/wp-content\/uploads\/2025\/08\/cropped-LOGO25_300px.png","width":300,"height":227,"caption":"Gran Canaria Fronton King"},"image":{"@id":"https:\/\/frontonking.com\/#\/schema\/logo\/image\/"}},{"@type":"Person","@id":"https:\/\/frontonking.com\/#\/schema\/person\/daecc8af58b09f31391037619e891a0e","name":"DANIEL","image":{"@type":"ImageObject","inLanguage":"en-GB","@id":"https:\/\/secure.gravatar.com\/avatar\/77cfdfb80ebea6d19deee660621b9b34dc8938e750e52d382160034464c651a0?s=96&d=mm&r=g","url":"https:\/\/secure.gravatar.com\/avatar\/77cfdfb80ebea6d19deee660621b9b34dc8938e750e52d382160034464c651a0?s=96&d=mm&r=g","contentUrl":"https:\/\/secure.gravatar.com\/avatar\/77cfdfb80ebea6d19deee660621b9b34dc8938e750e52d382160034464c651a0?s=96&d=mm&r=g","caption":"DANIEL"},"sameAs":["https:\/\/frontonking.com"],"url":"https:\/\/frontonking.com\/en\/author\/admin_frontonking\/"}]}},"_links":{"self":[{"href":"https:\/\/frontonking.com\/en\/wp-json\/wp\/v2\/posts\/6171","targetHints":{"allow":["GET"]}}],"collection":[{"href":"https:\/\/frontonking.com\/en\/wp-json\/wp\/v2\/posts"}],"about":[{"href":"https:\/\/frontonking.com\/en\/wp-json\/wp\/v2\/types\/post"}],"author":[{"embeddable":true,"href":"https:\/\/frontonking.com\/en\/wp-json\/wp\/v2\/users\/1"}],"replies":[{"embeddable":true,"href":"https:\/\/frontonking.com\/en\/wp-json\/wp\/v2\/comments?post=6171"}],"version-history":[{"count":1,"href":"https:\/\/frontonking.com\/en\/wp-json\/wp\/v2\/posts\/6171\/revisions"}],"predecessor-version":[{"id":9694,"href":"https:\/\/frontonking.com\/en\/wp-json\/wp\/v2\/posts\/6171\/revisions\/9694"}],"wp:featuredmedia":[{"embeddable":true,"href":"https:\/\/frontonking.com\/en\/wp-json\/wp\/v2\/media\/6176"}],"wp:attachment":[{"href":"https:\/\/frontonking.com\/en\/wp-json\/wp\/v2\/media?parent=6171"}],"wp:term":[{"taxonomy":"category","embeddable":true,"href":"https:\/\/frontonking.com\/en\/wp-json\/wp\/v2\/categories?post=6171"},{"taxonomy":"post_tag","embeddable":true,"href":"https:\/\/frontonking.com\/en\/wp-json\/wp\/v2\/tags?post=6171"}],"curies":[{"name":"wp","href":"https:\/\/api.w.org\/{rel}","templated":true}]}}